{"id":261937,"date":"2025-07-20T21:24:17","date_gmt":"2025-07-20T21:24:17","guid":{"rendered":"https:\/\/www.europesays.com\/fr\/261937\/"},"modified":"2025-07-20T21:24:17","modified_gmt":"2025-07-20T21:24:17","slug":"drancy-le-garagiste-exploitait-un-sans-papiers-13-heures-par-jour-pour-250-euros-par-mois","status":"publish","type":"post","link":"https:\/\/www.europesays.com\/fr\/261937\/","title":{"rendered":"Drancy\u00a0: le garagiste exploitait un sans-papiers 13\u00a0heures par jour pour 250\u00a0euros par mois"},"content":{"rendered":"<p class=\"paragraph text_align_left lp-f-body-02\">L\u2019interpellation d\u2019un garagiste de Drancy et la fermeture de son activit\u00e9 ont mis fin aux conditions inhumaines dans lesquelles \u00e9tait employ\u00e9 un sans-papiers handicap\u00e9. La perquisition men\u00e9e mardi dernier a permis de d\u00e9couvrir que cet homme vivait dans des conditions proches de l\u2019esclavage tant les droits humains, les r\u00e8gles du travail \u00e9taient bafou\u00e9s. Le m\u00eame jour, son patron a \u00e9t\u00e9 plac\u00e9 en garde \u00e0 vue.<\/p>\n<p class=\"paragraph text_align_left lp-f-body-02\">Son employ\u00e9, un \u00e9tranger en situation irr\u00e9guli\u00e8re, \u00e9tait contraint de \u00ab travailler entre 11 et 13 heures par jour, six jours sur sept pour la somme d\u00e9risoire de 250 euros mensuels \u00bb, indique \u00c9ric Mathais, le procureur de Bobigny. Il \u00e9tait log\u00e9 \u00e0 demeure \u00ab dans des conditions insalubres \u00bb et subissait \u00ab les brimades de son employeur \u00bb qui le nourrissait au compte-goutte, d\u00e9plore le minist\u00e8re public.<\/p>\n<p class=\"paragraph text_align_left lp-f-body-02\">Au terme de sa garde \u00e0 vue, le m\u00e9canicien a \u00e9t\u00e9 plac\u00e9 sous contr\u00f4le judiciaire et son garage a \u00e9t\u00e9 plac\u00e9 sous scell\u00e9s. Il sera jug\u00e9 \u00e0 la rentr\u00e9e. La victime, elle, a \u00e9t\u00e9 confi\u00e9e \u00e0 une association de lutte contre la traite des \u00eatres humains.<\/p>\n<p class=\"paragraph text_align_left lp-f-body-02\">La division des affaires \u00e9conomiques et financi\u00e8res du parquet a co-saisi l\u2019inspection du travail et le commissariat de Drancy pour mener cette enqu\u00eate \u00ab turbo \u00bb, ouverte des chefs de \u00ab traite d\u2019\u00eatre humain \u00bb, \u00ab soumission \u00e0 des conditions de travail et d\u2019h\u00e9bergement indignes \u00bb, \u00ab r\u00e9tribution inexistante d\u2019une personne vuln\u00e9rable \u00bb et \u00ab travail dissimul\u00e9 \u00bb.<\/p>\n<p class=\"paragraph text_align_left lp-f-body-02\">Dans un d\u00e9partement o\u00f9 <a href=\"https:\/\/www.leparisien.fr\/seine-saint-denis-93\/travail-clandestin-396-daugmentation-des-faits-constates-en-seine-saint-denis-05-10-2022-2YTFXOAVTFDYTLIT4P5Y2YB2QI.php\" target=\"_self\" rel=\"nofollow noopener\">l\u2019\u00e9conomie souterraine se d\u00e9ploie<\/a> dans de nombreux secteurs d\u2019activit\u00e9, un plan d\u2019action a \u00e9t\u00e9 mis en place par le parquet de Bobigny. Objectif : d\u00e9clencher des op\u00e9rations concert\u00e9es et acc\u00e9l\u00e9rer le traitement judiciaire des proc\u00e9dures. Le dossier du garagiste de Drancy en est la premi\u00e8re illustration. Un v\u00e9ritable \u00ab \u00e9cosyst\u00e8me \u00bb se d\u00e9veloppe en Seine-Saint-Denis, un territoire \u00ab rong\u00e9 par l\u2019\u00e9conomie souterraine \u00bb, soulignait en f\u00e9vrier 2024 Isabelle Minguet, procureure adjointe en charge des affaires \u00e9conomiques et financi\u00e8res \u00e0 Bobigny.<\/p>\n","protected":false},"excerpt":{"rendered":"L\u2019interpellation d\u2019un garagiste de Drancy et la fermeture de son activit\u00e9 ont mis fin aux conditions inhumaines dans&hellip;\n","protected":false},"author":2,"featured_media":261938,"comment_status":"","ping_status":"","sticky":false,"template":"","format":"standard","meta":{"footnotes":""},"categories":[1888],"tags":[11,1777,674,1011,27,1944,12,626,25,1945],"class_list":{"0":"post-261937","1":"post","2":"type-post","3":"status-publish","4":"format-standard","5":"has-post-thumbnail","7":"category-paris","8":"tag-actualites","9":"tag-eu","10":"tag-europe","11":"tag-fr","12":"tag-france","13":"tag-ma-ville","14":"tag-news","15":"tag-paris","16":"tag-republique-francaise","17":"tag-seine-saint-denis"},"share_on_mastodon":{"url":"https:\/\/pubeurope.com\/@fr\/114887672667194696","error":""},"_links":{"self":[{"href":"https:\/\/www.europesays.com\/fr\/wp-json\/wp\/v2\/posts\/261937","targetHints":{"allow":["GET"]}}],"collection":[{"href":"https:\/\/www.europesays.com\/fr\/wp-json\/wp\/v2\/posts"}],"about":[{"href":"https:\/\/www.europesays.com\/fr\/wp-json\/wp\/v2\/types\/post"}],"author":[{"embeddable":true,"href":"https:\/\/www.europesays.com\/fr\/wp-json\/wp\/v2\/users\/2"}],"replies":[{"embeddable":true,"href":"https:\/\/www.europesays.com\/fr\/wp-json\/wp\/v2\/comments?post=261937"}],"version-history":[{"count":0,"href":"https:\/\/www.europesays.com\/fr\/wp-json\/wp\/v2\/posts\/261937\/revisions"}],"wp:featuredmedia":[{"embeddable":true,"href":"https:\/\/www.europesays.com\/fr\/wp-json\/wp\/v2\/media\/261938"}],"wp:attachment":[{"href":"https:\/\/www.europesays.com\/fr\/wp-json\/wp\/v2\/media?parent=261937"}],"wp:term":[{"taxonomy":"category","embeddable":true,"href":"https:\/\/www.europesays.com\/fr\/wp-json\/wp\/v2\/categories?post=261937"},{"taxonomy":"post_tag","embeddable":true,"href":"https:\/\/www.europesays.com\/fr\/wp-json\/wp\/v2\/tags?post=261937"}],"curies":[{"name":"wp","href":"https:\/\/api.w.org\/{rel}","templated":true}]}}