{"id":261945,"date":"2025-07-20T21:28:10","date_gmt":"2025-07-20T21:28:10","guid":{"rendered":"https:\/\/www.europesays.com\/fr\/261945\/"},"modified":"2025-07-20T21:28:10","modified_gmt":"2025-07-20T21:28:10","slug":"le-plus-grand-narcotrafiquant-dequateur-fito-extrade-vers-les-etats-unis","status":"publish","type":"post","link":"https:\/\/www.europesays.com\/fr\/261945\/","title":{"rendered":"Le plus grand narcotrafiquant d&rsquo;\u00c9quateur, \u00abFito\u00bb, extrad\u00e9 vers les \u00c9tats-Unis"},"content":{"rendered":"<p>Arr\u00eat\u00e9 fin juin apr\u00e8s un an et demi de cavale, Adolfo Macias est accus\u00e9 aux \u00c9tats-Unis de trafic de coca\u00efne et d\u2019armes.<\/p>\n<p class=\"fig-paragraph\">Le gouvernement \u00e9quatorien a extrad\u00e9 dimanche vers les Etats-Unis Adolfo Mac\u00edas, alias \u00ab<a href=\"http:\/\/www.lefigaro.fr\/international\/equateur-arrestation-du-narcotrafiquant-fito-l-un-des-plus-dangereux-criminels-en-cavale-depuis-plus-d-un-an-20250626\" data-fig-type=\"NewsFlash\" data-gtm-custom-categorie=\"navigation\" data-gtm-custom-action=\"crossclick\" data-gtm-custom-label=\"Contextuel\" data-gtm-event=\"customEventSPE\" data-fig-domain=\"LEFIGARO\" target=\"_blank\" rel=\"noopener\">Fito<\/a> \u00bb, le plus grand trafiquant de drogue d\u2019Equateur, arr\u00eat\u00e9 fin juin apr\u00e8s un an et demi de cavale, a annonc\u00e9 l\u2019autorit\u00e9 p\u00e9nitentiaire.<\/p>\n<p class=\"fig-paragraph\">Le parquet am\u00e9ricain a accus\u00e9 en avril \u00abFito\u00bb de trafic de coca\u00efne et d\u2019armes. John Durham, procureur d\u2019un tribunal de Brooklyn, l\u2019avait alors d\u00e9crit comme \u00abun leader impitoyable et un narcotrafiquant prolifique pour le compte d\u2019une violente organisation criminelle transnationale\u00bb.<\/p>\n<p>                                    <a class=\"fig-a11y-skip a11y-hidden\" href=\"#fig-a11y-skip-main-inarticle\"><br \/>\n        Passer la publicit\u00e9<br \/>\n    <\/a><\/p>\n<p class=\"fig-paragraph\">Le baron de la drogue \u00aba quitt\u00e9 le Centre de privation de libert\u00e9 La Roca\u00bb, gard\u00e9 par des policiers et des militaires, \u00abdans le cadre d\u2019un processus d\u2019extradition\u00bb, a d\u00e9clar\u00e9 l\u2019autorit\u00e9 p\u00e9nitentiaire (SNAI), dans un message envoy\u00e9 aux journalistes. Il s\u2019\u00e9tait \u00e9vad\u00e9 en janvier 2024 du centre p\u00e9nitentiaire de Guayaquil (sud-ouest de l\u2019Equateur) o\u00f9 il purgeait depuis 2011 une peine de 34 ans de r\u00e9clusion pour crime organis\u00e9, trafic de drogue et meurtre.<\/p>\n<p class=\"fig-paragraph\">Il a accept\u00e9 la semaine derni\u00e8re d\u2019\u00eatre extrad\u00e9 vers les Etats-Unis. Il devient ainsi le premier Equatorien \u00e0 \u00eatre extrad\u00e9 depuis le r\u00e9tablissement en Equateur de cette proc\u00e9dure par r\u00e9f\u00e9rendum en 2024, une mesure d\u00e9fendue par le pr\u00e9sident \u00e9quatorien Daniel Noboa dans sa lutte contre le crime organis\u00e9.<\/p>\n<p class=\"fig-paragraph\">Chef d\u2019un des principaux gangs du pays, les Choneros, qui r\u00e8gne notamment sur le trafic de coca\u00efne, \u00abFito\u00bb a \u00e9t\u00e9 associ\u00e9 \u00e0 l\u2019assassinat en ao\u00fbt 2023 de l\u2019un des principaux candidats \u00e0 l\u2019\u00e9lection pr\u00e9sidentielle \u00e9quatorienne, Fernando Villavicencio.<\/p>\n","protected":false},"excerpt":{"rendered":"Arr\u00eat\u00e9 fin juin apr\u00e8s un an et demi de cavale, Adolfo Macias est accus\u00e9 aux \u00c9tats-Unis de trafic&hellip;\n","protected":false},"author":2,"featured_media":261946,"comment_status":"","ping_status":"","sticky":false,"template":"","format":"standard","meta":{"footnotes":""},"categories":[1589],"tags":[11,34464,73,1866,8721,12,1864,1865,1863,308],"class_list":{"0":"post-261945","1":"post","2":"type-post","3":"status-publish","4":"format-standard","5":"has-post-thumbnail","7":"category-etats-unis","8":"tag-actualites","9":"tag-equateur","10":"tag-etats-unis","11":"tag-etats-unis-damerique","12":"tag-narcotrafic","13":"tag-news","14":"tag-united-states","15":"tag-united-states-of-america","16":"tag-us","17":"tag-usa"},"share_on_mastodon":{"url":"https:\/\/pubeurope.com\/@fr\/114887688410891216","error":""},"_links":{"self":[{"href":"https:\/\/www.europesays.com\/fr\/wp-json\/wp\/v2\/posts\/261945","targetHints":{"allow":["GET"]}}],"collection":[{"href":"https:\/\/www.europesays.com\/fr\/wp-json\/wp\/v2\/posts"}],"about":[{"href":"https:\/\/www.europesays.com\/fr\/wp-json\/wp\/v2\/types\/post"}],"author":[{"embeddable":true,"href":"https:\/\/www.europesays.com\/fr\/wp-json\/wp\/v2\/users\/2"}],"replies":[{"embeddable":true,"href":"https:\/\/www.europesays.com\/fr\/wp-json\/wp\/v2\/comments?post=261945"}],"version-history":[{"count":0,"href":"https:\/\/www.europesays.com\/fr\/wp-json\/wp\/v2\/posts\/261945\/revisions"}],"wp:featuredmedia":[{"embeddable":true,"href":"https:\/\/www.europesays.com\/fr\/wp-json\/wp\/v2\/media\/261946"}],"wp:attachment":[{"href":"https:\/\/www.europesays.com\/fr\/wp-json\/wp\/v2\/media?parent=261945"}],"wp:term":[{"taxonomy":"category","embeddable":true,"href":"https:\/\/www.europesays.com\/fr\/wp-json\/wp\/v2\/categories?post=261945"},{"taxonomy":"post_tag","embeddable":true,"href":"https:\/\/www.europesays.com\/fr\/wp-json\/wp\/v2\/tags?post=261945"}],"curies":[{"name":"wp","href":"https:\/\/api.w.org\/{rel}","templated":true}]}}