{"id":261949,"date":"2025-07-20T21:30:12","date_gmt":"2025-07-20T21:30:12","guid":{"rendered":"https:\/\/www.europesays.com\/fr\/261949\/"},"modified":"2025-07-20T21:30:12","modified_gmt":"2025-07-20T21:30:12","slug":"on-est-toutes-un-peu-sonnees-les-bleues-abasourdies-apres-lelimination-face-a-lallemagne-a-leuro-lequipe","status":"publish","type":"post","link":"https:\/\/www.europesays.com\/fr\/261949\/","title":{"rendered":"\u00ab On est toutes un peu sonn\u00e9es \u00bb : les Bleues abasourdies apr\u00e8s l&#039;\u00e9limination face \u00e0 l&#039;Allemagne \u00e0 l&#039;Euro &#8211; L&#039;\u00c9quipe"},"content":{"rendered":"<ol>\n<li><a href=\"https:\/\/news.google.com\/rss\/articles\/CBMigwFBVV95cUxQTk8tbk92NnVRd0lPVF9WM01ZRUZxN3diOERJeUxmZlZJQjNKZG9ORy0tRjF4d0hTLTRjYmk0WmhCY2p3bnl3OGJzM0YxZV93V2lzdmFIVmZ5NUQwY0VOcGVLRHNOdUlqSFhTR0lIRjVIUlVoOWNPV1ZLZllxSVZUVzhxaw?oc=5\" target=\"_blank\" rel=\"nofollow noopener\">\u00ab On est toutes un peu sonn\u00e9es \u00bb : les Bleues abasourdies apr\u00e8s l&rsquo;\u00e9limination face \u00e0 l&rsquo;Allemagne \u00e0 l&rsquo;Euro<\/a>&nbsp;&nbsp;L&rsquo;\u00c9quipe<\/li>\n<li><a href=\"https:\/\/news.google.com\/rss\/articles\/CBMi4gFBVV95cUxQQjhTeHp1TGdIVFVUb1h5Q2phOXZ1V2NYU2ZiUmM2c3NSNG9UVTI2UXc0STR3bWlzT1JWZkNTQUVlZzlyVFhUX3FBVURycXNaYXdUVGJ4cFJhMy1fN1hicm5PMUNtSTBfMkJCRWE4eF9TRFNuWjZvUFRscGhTdk5nRmZFZXV2NzJSTHUxZjZ4RlJ0UHR6eXBlY2doR25wQVVHWTdoNlctZzFEVXk0OXYwVE1JaVB5cEl5bkhCZHhqR2x0d3lXR28yQk1fOUhhMEVYMXFPdlphY0Z5eS1vcGR5MC1B?oc=5\" target=\"_blank\" rel=\"nofollow noopener\">Euro f\u00e9minin : \u00abLes mots d\u00e9passent parfois la pens\u00e9e\u00bb, Selma Bacha revient sur ses propos le c\u0153ur lourd<\/a>&nbsp;&nbsp;Le Figaro<\/li>\n<li><a href=\"https:\/\/news.google.com\/rss\/articles\/CBMimgJBVV95cUxNaVZCOUZ3b00zekdLVHpXaHJtU3VxQ3dqbWlmOVBsaUJiaF9oYnJvVmpKT1Y1WGtWSVkwWWFRR2NsdEoxUVA4dV9HLXFEcWdaaHlHMU9qaUoyZkd5TjBnQjY3akdJZFQ5SVNxSGd3Q3lqal9XdDJyanBuRElSWk5KOWVqUFFKOHowWlhRZlE5VjJURFA3WmNqTDhpaDl0aUNWWE9CTENyNDRuNmQyd0t0WDFKNm9uV0NOSzVUSnlHbnF3Tm5Fdk9tY0hFeWsyb0FpdFllNVc4VmJGSWRNNTBhWTlxdkwwNkJtd2ZjUDFOc3g3Q1ZvMzZ3R2F0U3h6TlA1LTE0RXA1aW42VHc2NGtIa2dEWGdWckJ2aFE?oc=5\" target=\"_blank\" rel=\"nofollow noopener\">Une pol\u00e9mique, des excuses et une disparition : Bacha, le dr\u00f4le d\u2019apr\u00e8s-match<\/a>&nbsp;&nbsp;Eurosport<\/li>\n<li><a href=\"https:\/\/news.google.com\/rss\/articles\/CBMi3AFBVV95cUxOekFxcEotcFFzdWlZWk9TVWU4blhuc2VZZENIVXVlMFdCbjdkQ2piUzYwYW43bDFYckY5RS1fYl9HU0FId3d0Z1hIV0dITTdkOE9oRU9aOVRZSTRUV1JVN0xKQ0ZPc3h5VDdvNDFSN0NSZWRfUk1CMS00YTBVWHVkOVFYd09rekE0M0hsY1hUOXlLR3RBQV8zak1wM0lTLXdTbjFBVldRc3FoZHhOV0Z4Rk8tN3g4R2M4STdiaVZ0cGhUNHhzWDBWRXhxYUt5VVg3TFV5Y0JWZXY0cUhW?oc=5\" target=\"_blank\" rel=\"nofollow noopener\">L\u2019\u00e9quipe de France f\u00e9minine de football face \u00e0 ses \u00e9checs \u00e0 r\u00e9p\u00e9tition, apr\u00e8s sa cruelle d\u00e9faite contre l\u2019Allemagne<\/a>&nbsp;&nbsp;Le Monde.fr<\/li>\n<li><a href=\"https:\/\/news.google.com\/rss\/articles\/CBMisAJBVV95cUxQclNDMFp5enE2R181VnlPOWJPWjVnTHQtVEhweW5odW43SGdheHV6c2V2YUdyYTdpYUpQMmNHYUtlaFZoSjVjY3VnOWcxUG5sQlpCRkFVRTZ2TF95ckZWNld1SHNWWUVEcTNtb24ycFk1WXo2eGhqWTRWMnd6d2V3MEd4MVNSTlhRNjh3MHROclpONWZJZGZBQVRabFRIRWdFSjVXRkV6aVRaUTNtdGxYdF9NY0dmSGtqZWdXNjFMelUtRXNBTnUtVkpzVlpsSktrMVQ1eS00aW1HWS1mUTZQWVFERmxTellQSmo4STNCWmVmbWIxT0hiUU90VXJoMlJnWDI3bGdNSWw1MERrY1RoLTI3d1cwdXRMRExmbURPSmlQOERERWRqSE11bXhKdXhY?oc=5\" target=\"_blank\" rel=\"nofollow noopener\">Euro 2025 : apr\u00e8s l\u2019\u00e9limination des Bleues, Jean-Michel Aulas parle \u00ab d\u2019un \u00e9chec et d\u2019un manque d\u2019humilit\u00e9<\/a>&nbsp;&nbsp;Le Parisien<\/li>\n<\/ol>\n","protected":false},"excerpt":{"rendered":"\u00ab On est toutes un peu sonn\u00e9es \u00bb : les Bleues abasourdies apr\u00e8s l&rsquo;\u00e9limination face \u00e0 l&rsquo;Allemagne \u00e0&hellip;\n","protected":false},"author":2,"featured_media":261950,"comment_status":"","ping_status":"","sticky":false,"template":"","format":"standard","meta":{"footnotes":""},"categories":[1587],"tags":[11,672,1804,1805,1803,1777,674,1801,12,1802],"class_list":{"0":"post-261949","1":"post","2":"type-post","3":"status-publish","4":"format-standard","5":"has-post-thumbnail","7":"category-allemagne","8":"tag-actualites","9":"tag-allemagne","10":"tag-bundesrepublik-deutschland","11":"tag-de","12":"tag-deutschland","13":"tag-eu","14":"tag-europe","15":"tag-germany","16":"tag-news","17":"tag-republique-federale-dallemagne"},"share_on_mastodon":{"url":"https:\/\/pubeurope.com\/@fr\/114887696297367457","error":""},"_links":{"self":[{"href":"https:\/\/www.europesays.com\/fr\/wp-json\/wp\/v2\/posts\/261949","targetHints":{"allow":["GET"]}}],"collection":[{"href":"https:\/\/www.europesays.com\/fr\/wp-json\/wp\/v2\/posts"}],"about":[{"href":"https:\/\/www.europesays.com\/fr\/wp-json\/wp\/v2\/types\/post"}],"author":[{"embeddable":true,"href":"https:\/\/www.europesays.com\/fr\/wp-json\/wp\/v2\/users\/2"}],"replies":[{"embeddable":true,"href":"https:\/\/www.europesays.com\/fr\/wp-json\/wp\/v2\/comments?post=261949"}],"version-history":[{"count":0,"href":"https:\/\/www.europesays.com\/fr\/wp-json\/wp\/v2\/posts\/261949\/revisions"}],"wp:featuredmedia":[{"embeddable":true,"href":"https:\/\/www.europesays.com\/fr\/wp-json\/wp\/v2\/media\/261950"}],"wp:attachment":[{"href":"https:\/\/www.europesays.com\/fr\/wp-json\/wp\/v2\/media?parent=261949"}],"wp:term":[{"taxonomy":"category","embeddable":true,"href":"https:\/\/www.europesays.com\/fr\/wp-json\/wp\/v2\/categories?post=261949"},{"taxonomy":"post_tag","embeddable":true,"href":"https:\/\/www.europesays.com\/fr\/wp-json\/wp\/v2\/tags?post=261949"}],"curies":[{"name":"wp","href":"https:\/\/api.w.org\/{rel}","templated":true}]}}