{"id":26195,"date":"2025-04-15T08:34:10","date_gmt":"2025-04-15T08:34:10","guid":{"rendered":"https:\/\/www.europesays.com\/fr\/26195\/"},"modified":"2025-04-15T08:34:10","modified_gmt":"2025-04-15T08:34:10","slug":"climat-leurope-a-connu-ses-plus-fortes-inondations-en-dix-ans-en-2024","status":"publish","type":"post","link":"https:\/\/www.europesays.com\/fr\/26195\/","title":{"rendered":"Climat. L&rsquo;Europe a connu ses plus fortes inondations en dix ans en 2024"},"content":{"rendered":"<p><a href=\"https:\/\/www.ledauphine.com\/environnement\/2025\/01\/10\/2024-annee-la-plus-chaude-1-5-c-sur-deux-ans-comment-le-sait-on\" target=\"_blank\" rel=\"noopener\">En 2024, l&rsquo;Europe a connu une chaleur record<\/a>, mais aussi ses pires inondations depuis plus d&rsquo;une d\u00e9cennie. Pr\u00e8s d&rsquo;un tiers du r\u00e9seau fluvial europ\u00e9en a \u00e9t\u00e9 inond\u00e9 l&rsquo;an dernier, qui a \u00e9t\u00e9 l&rsquo;une des dix ann\u00e9es les plus pluvieuses du continent depuis 1950, indique l&rsquo;observatoire europ\u00e9en Copernicus dans un rapport publi\u00e9 mardi en collaboration avec l&rsquo;Organisation m\u00e9t\u00e9orologique mondiale.<\/p>\n<p>Ce sont \u00ab les inondations les plus \u00e9tendues \u00bb que l&rsquo;Europe ait connues \u00ab depuis 2013 \u00bb, a soulign\u00e9 Samantha Burgess du Centre europ\u00e9en pour les pr\u00e9visions m\u00e9t\u00e9orologiques \u00e0 moyen terme (ECMWF), qui assure le service climatologique de Copernicus.<\/p>\n<p>Ces inondations ont affect\u00e9 environ 413 000 personnes, co\u00fbtant la vie \u00e0 au moins 335 d&rsquo;entre elles, avec un co\u00fbt estim\u00e9 des dommages de l&rsquo;ordre de 18 milliards d&rsquo;euros.<\/p>\n<p>Europe centrale, Espagne, France&#8230;<\/p>\n<p>Ces catastrophes sont survenues au cours de l&rsquo;ann\u00e9e la plus chaude dans le monde et illustrent le fait qu&rsquo;une plan\u00e8te plus chaude, absorbant plus d&rsquo;eau dans l&rsquo;atmosph\u00e8re, permet des pr\u00e9cipitations et des inondations plus violentes, une menace qui p\u00e8se particuli\u00e8rement sur l&rsquo;Europe.<\/p>\n<p>En septembre, la temp\u00eate Boris a fait tomber jusqu&rsquo;\u00e0 trois mois de pluie en seulement cinq jours, provoquant d&rsquo;immenses inondations et d&rsquo;importants d\u00e9g\u00e2ts dans huit pays d&rsquo;Europe centrale et orientale.<\/p>\n<p>Un mois plus tard, de puissantes temp\u00eates, aliment\u00e9es par l&rsquo;air chaud et humide de la M\u00e9diterran\u00e9e, ont d\u00e9vers\u00e9 des pluies torrentielles sur l&rsquo;Espagne, entra\u00eenant des inondations qui ont d\u00e9vast\u00e9 la province orientale de Valence, tuant 232 personnes. D\u00e9but 2024, chaque mois a \u00e9t\u00e9 le th\u00e9\u00e2tre d&rsquo;une inondation majeure sur le continent, rappelle le rapport: janvier au Royaume-Uni, f\u00e9vrier dans le nord de l&rsquo;Espagne, mars et mai dans le nord de la France, juin en Allemagne et en Suisse.<\/p>\n<p>Des pr\u00e9cipitations intenses<\/p>\n<p>En cause : <a href=\"https:\/\/www.ledauphine.com\/environnement\/2025\/01\/07\/2024-l-une-des-annees-les-plus-pluvieuses-en-france-des-records-dans-plusieurs-villes\" target=\"_blank\" rel=\"noopener\">des pr\u00e9cipitations particuli\u00e8rement intenses sur la partie occidentale de l&rsquo;Europe<\/a>, alors qu&rsquo;\u00e0 l&rsquo;inverse, les r\u00e9gions orientales ont \u00e9t\u00e9 en moyenne plus s\u00e8ches et plus chaudes. Selon Samantha Burgess, ce \u00ab contraste saisissant \u00bb n&rsquo;est pas directement li\u00e9 au changement climatique, mais plut\u00f4t \u00e0 des syst\u00e8mes de pressions oppos\u00e9es qui influencent la couverture nuageuse et le transport de l&rsquo;humidit\u00e9.<\/p>\n<p>Mais les temp\u00eates de 2024 ont \u00e9t\u00e9 \u00ab probablement plus violentes en raison d&rsquo;une atmosph\u00e8re plus chaude et plus humide \u00bb, a-t-elle expliqu\u00e9. \u00ab Avec le r\u00e9chauffement climatique, nous assistons \u00e0 des \u00e9v\u00e9nements extr\u00eames plus nombreux et plus extr\u00eames \u00bb.<\/p>\n<p>Seulement la moiti\u00e9 des villes europ\u00e9ennes ont des plans d&rsquo;adaptation pour faire face aux \u00e9v\u00e8nements climatiques extr\u00eames, telles que les inondations et les chaleurs extr\u00eames. \u00ab Cela repr\u00e9sente un progr\u00e8s encourageant par rapport aux 26 % de 2018 \u00bb, note toutefois le rapport.<\/p>\n","protected":false},"excerpt":{"rendered":"En 2024, l&rsquo;Europe a connu une chaleur record, mais aussi ses pires inondations depuis plus d&rsquo;une d\u00e9cennie. Pr\u00e8s&hellip;\n","protected":false},"author":2,"featured_media":26196,"comment_status":"","ping_status":"","sticky":false,"template":"","format":"standard","meta":{"footnotes":""},"categories":[1586],"tags":[11,9323,1777,674,107,1011,27,329,8423,12,25],"class_list":{"0":"post-26195","1":"post","2":"type-post","3":"status-publish","4":"format-standard","5":"has-post-thumbnail","7":"category-europe","8":"tag-actualites","9":"tag-catastrophes","10":"tag-eu","11":"tag-europe","12":"tag-fil-info","13":"tag-fr","14":"tag-france","15":"tag-france-monde","16":"tag-meteorologie-climat","17":"tag-news","18":"tag-republique-francaise"},"share_on_mastodon":{"url":"https:\/\/pubeurope.com\/@fr\/114341063227100989","error":""},"_links":{"self":[{"href":"https:\/\/www.europesays.com\/fr\/wp-json\/wp\/v2\/posts\/26195","targetHints":{"allow":["GET"]}}],"collection":[{"href":"https:\/\/www.europesays.com\/fr\/wp-json\/wp\/v2\/posts"}],"about":[{"href":"https:\/\/www.europesays.com\/fr\/wp-json\/wp\/v2\/types\/post"}],"author":[{"embeddable":true,"href":"https:\/\/www.europesays.com\/fr\/wp-json\/wp\/v2\/users\/2"}],"replies":[{"embeddable":true,"href":"https:\/\/www.europesays.com\/fr\/wp-json\/wp\/v2\/comments?post=26195"}],"version-history":[{"count":0,"href":"https:\/\/www.europesays.com\/fr\/wp-json\/wp\/v2\/posts\/26195\/revisions"}],"wp:featuredmedia":[{"embeddable":true,"href":"https:\/\/www.europesays.com\/fr\/wp-json\/wp\/v2\/media\/26196"}],"wp:attachment":[{"href":"https:\/\/www.europesays.com\/fr\/wp-json\/wp\/v2\/media?parent=26195"}],"wp:term":[{"taxonomy":"category","embeddable":true,"href":"https:\/\/www.europesays.com\/fr\/wp-json\/wp\/v2\/categories?post=26195"},{"taxonomy":"post_tag","embeddable":true,"href":"https:\/\/www.europesays.com\/fr\/wp-json\/wp\/v2\/tags?post=26195"}],"curies":[{"name":"wp","href":"https:\/\/api.w.org\/{rel}","templated":true}]}}