{"id":261951,"date":"2025-07-20T21:31:15","date_gmt":"2025-07-20T21:31:15","guid":{"rendered":"https:\/\/www.europesays.com\/fr\/261951\/"},"modified":"2025-07-20T21:31:15","modified_gmt":"2025-07-20T21:31:15","slug":"la-france-et-ses-partenaires-europeens-relancent-les-discussions","status":"publish","type":"post","link":"https:\/\/www.europesays.com\/fr\/261951\/","title":{"rendered":"la France et ses partenaires europ\u00e9ens relancent les discussions"},"content":{"rendered":"<p>Alors que les n\u00e9gociations indirectes entre Washington et T\u00e9h\u00e9ran ont vol\u00e9 en \u00e9clats apr\u00e8s les frappes isra\u00e9lo-am\u00e9ricaines du 13 juin, les Europ\u00e9ens tentent de reprendre la main. \u00ab Les E3 (France, Royaume-Uni, Allemagne) sont en contact avec l&rsquo;Iran pour programmer de nouvelles discussions pour la semaine \u00e0 venir \u00bb, a indiqu\u00e9 dimanche une source diplomatique allemande \u00e0 l&rsquo;AFP, confirmant la relance d&rsquo;un dialogue diplomatique autour du programme nucl\u00e9aire iranien. Selon l&rsquo;agence Tasnim, proche des conservateurs iraniens, T\u00e9h\u00e9ran aurait donn\u00e9 son accord de principe.<\/p>\n<p>Des consultations sont en cours pour d\u00e9terminer la date et le lieu de ces \u00e9changes, alors que les Europ\u00e9ens menacent d&rsquo;activer le m\u00e9canisme dit de snap-back, pr\u00e9vu par l&rsquo;accord de Vienne (JCPOA), afin de r\u00e9tablir les sanctions onusiennes contre l&rsquo;Iran. Lors d&rsquo;un appel t\u00e9l\u00e9phonique tenu la semaine derni\u00e8re avec Abbas Araghchi, ministre iranien des Affaires \u00e9trang\u00e8res, ses homologues fran\u00e7ais, allemand, britannique ainsi que la cheffe de la diplomatie europ\u00e9enne, Kaja Kallas, ont exprim\u00e9 leur impatience. \u00ab En l&rsquo;absence de progr\u00e8s concrets, nous activerons le m\u00e9canisme de retour des sanctions \u00bb, ont-ils pr\u00e9venu.<\/p>\n<p>Des alertes\u00a0sur l&rsquo;enrichissement acc\u00e9l\u00e9r\u00e9 d&rsquo;uranium par T\u00e9h\u00e9ran<\/p>\n<p>Ce dispositif, contenu dans l&rsquo;accord sign\u00e9 en 2015 mais quitt\u00e9 en 2018 par les \u00c9tats-Unis sous Donald Trump, permet \u00e0 l&rsquo;une des parties de r\u00e9tablir unilat\u00e9ralement les sanctions internationales en cas de manquement grave aux engagements pris. Depuis l&rsquo;\u00e9t\u00e9 2023, plusieurs rapports de l&rsquo;AIEA (Agence internationale de l&rsquo;\u00e9nergie atomique) alertent sur l&rsquo;enrichissement acc\u00e9l\u00e9r\u00e9 d&rsquo;uranium par T\u00e9h\u00e9ran.<\/p>\n<p>Le dialogue indirect entre l&rsquo;Iran et les \u00c9tats-Unis, men\u00e9 ces derniers mois via des m\u00e9diateurs omanais, a \u00e9t\u00e9 brutalement interrompu le 13 juin apr\u00e8s le d\u00e9clenchement d&rsquo;une guerre-\u00e9clair entre Isra\u00ebl et l&rsquo;Iran. \u00ab La d\u00e9cision du pr\u00e9sident Trump de participer aux frappes isra\u00e9liennes contre les sites nucl\u00e9aires a mis fin de facto aux n\u00e9gociations \u00bb, rappelle une source diplomatique europ\u00e9enne.<\/p>\n<p>Pour Berlin, \u00ab l&rsquo;Iran ne doit jamais \u00eatre autoris\u00e9 \u00e0 acqu\u00e9rir une arme nucl\u00e9aire. C&rsquo;est pourquoi l&rsquo;Allemagne, la France et le Royaume-Uni continuent de travailler intensivement au sein du format E3 pour trouver une solution diplomatique durable et v\u00e9rifiable \u00bb.<\/p>\n<p>Le pr\u00e9sident russe Vladimir Poutine a re\u00e7u de son c\u00f4t\u00e9 au Kremlin Ali Larijani, proche conseiller du guide supr\u00eame iranien Ali Khamenei, pour \u00e9voquer le dossier nucl\u00e9aire, a d\u00e9clar\u00e9 son porte-parole dimanche. \u00ab Ali Larijani a transmis des \u00e9valuations de la situation qui s&rsquo;aggrave au Moyen-Orient et autour du programme nucl\u00e9aire iranien \u00bb a d\u00e9clar\u00e9 le porte-parole du Kremlin Dmitri Peskov. Vladimir Poutine \u00ab a exprim\u00e9 les positions bien connues de la Russie sur la mani\u00e8re de stabiliser la situation dans la r\u00e9gion et sur le r\u00e8glement politique du programme nucl\u00e9aire iranien \u00bb, a-t-il ajout\u00e9.<\/p>\n","protected":false},"excerpt":{"rendered":"Alors que les n\u00e9gociations indirectes entre Washington et T\u00e9h\u00e9ran ont vol\u00e9 en \u00e9clats apr\u00e8s les frappes isra\u00e9lo-am\u00e9ricaines du&hellip;\n","protected":false},"author":2,"featured_media":261952,"comment_status":"","ping_status":"","sticky":false,"template":"","format":"standard","meta":{"footnotes":""},"categories":[1586],"tags":[17,11,33,1777,674,11201,1011,27,22866,12,5654,27957,40172,25,2407],"class_list":{"0":"post-261951","1":"post","2":"type-post","3":"status-publish","4":"format-standard","5":"has-post-thumbnail","7":"category-europe","8":"tag-17","9":"tag-actualites","10":"tag-economie","11":"tag-eu","12":"tag-europe","13":"tag-europeens","14":"tag-fr","15":"tag-france","16":"tag-iranien","17":"tag-news","18":"tag-nucleaire","19":"tag-partenaires","20":"tag-relancent","21":"tag-republique-francaise","22":"tag-ses"},"share_on_mastodon":{"url":"https:\/\/pubeurope.com\/@fr\/114887700203671558","error":""},"_links":{"self":[{"href":"https:\/\/www.europesays.com\/fr\/wp-json\/wp\/v2\/posts\/261951","targetHints":{"allow":["GET"]}}],"collection":[{"href":"https:\/\/www.europesays.com\/fr\/wp-json\/wp\/v2\/posts"}],"about":[{"href":"https:\/\/www.europesays.com\/fr\/wp-json\/wp\/v2\/types\/post"}],"author":[{"embeddable":true,"href":"https:\/\/www.europesays.com\/fr\/wp-json\/wp\/v2\/users\/2"}],"replies":[{"embeddable":true,"href":"https:\/\/www.europesays.com\/fr\/wp-json\/wp\/v2\/comments?post=261951"}],"version-history":[{"count":0,"href":"https:\/\/www.europesays.com\/fr\/wp-json\/wp\/v2\/posts\/261951\/revisions"}],"wp:featuredmedia":[{"embeddable":true,"href":"https:\/\/www.europesays.com\/fr\/wp-json\/wp\/v2\/media\/261952"}],"wp:attachment":[{"href":"https:\/\/www.europesays.com\/fr\/wp-json\/wp\/v2\/media?parent=261951"}],"wp:term":[{"taxonomy":"category","embeddable":true,"href":"https:\/\/www.europesays.com\/fr\/wp-json\/wp\/v2\/categories?post=261951"},{"taxonomy":"post_tag","embeddable":true,"href":"https:\/\/www.europesays.com\/fr\/wp-json\/wp\/v2\/tags?post=261951"}],"curies":[{"name":"wp","href":"https:\/\/api.w.org\/{rel}","templated":true}]}}