{"id":261955,"date":"2025-07-20T21:33:14","date_gmt":"2025-07-20T21:33:14","guid":{"rendered":"https:\/\/www.europesays.com\/fr\/261955\/"},"modified":"2025-07-20T21:33:14","modified_gmt":"2025-07-20T21:33:14","slug":"a-la-fin-on-le-sait-tous-quinn-simmons-pointe-du-doigt-tim-wellens-qui-aurait-ete-aide-par-une-moto","status":"publish","type":"post","link":"https:\/\/www.europesays.com\/fr\/261955\/","title":{"rendered":"\u00ab\u00c0 la fin, on le sait tous\u00bb, Quinn Simmons pointe du doigt Tim Wellens qui aurait \u00e9t\u00e9 aid\u00e9 par une moto"},"content":{"rendered":"<p>Le coureur de Lidl-Trek a accus\u00e9 Tim Wellens au micro d\u2019ITV Sport, vainqueur de la 15e \u00e9tape ce dimanche, d\u2019avoir \u00e9t\u00e9 aid\u00e9 par une moto lors de son attaque \u00e0 44 kilom\u00e8tres de l\u2019arriv\u00e9e.<\/p>\n<p class=\"fig-paragraph\">Quinn Simmons ne d\u00e9col\u00e8re pas. Au micro d\u2019ITV Sport \u00e0 l\u2019issue de la 15e \u00e9tape du\u00a0<a href=\"http:\/\/www.lefigaro.fr\/sports\/cyclisme\/tour-de-france\/course-au-podium-vauquelin-montmartre-les-mysteres-de-la-troisieme-semaine-du-tour-de-france-20250720\" data-fig-type=\"Article\" data-gtm-custom-categorie=\"navigation\" data-gtm-custom-action=\"crossclick\" data-gtm-custom-label=\"Contextuel\" data-gtm-event=\"customEventSPE\" data-fig-domain=\"LEFIGARO\" target=\"_blank\" rel=\"noopener\">Tour de France<\/a>\u00a0entre Muret et Carcassonne, le coureur de la formation Lidl-Trek n\u2019a pas m\u00e2ch\u00e9 ses mots et a point\u00e9 du doigt la victoire du Belge d\u2019UAE\u00a0<a href=\"http:\/\/www.lefigaro.fr\/sports\/cyclisme\/tour-de-france\/tour-de-france-le-belge-tim-wellens-coequipier-de-pogacar-ecrase-la-15e-etape-apres-un-raid-en-solitaire-20250720\" data-fig-type=\"NewsFlash\" data-gtm-custom-categorie=\"navigation\" data-gtm-custom-action=\"crossclick\" data-gtm-custom-label=\"Contextuel\" data-gtm-event=\"customEventSPE\" data-fig-domain=\"LEFIGARO\" target=\"_blank\" rel=\"noopener\">Tim Wellens<\/a>. Simmons accuse le co\u00e9quipier de\u00a0<a href=\"http:\/\/www.lefigaro.fr\/sports\/cyclisme\/tour-de-france\/tour-de-france-pogacar-il-peut-finir-par-lasser-s-inquiete-pierre-rolland-20250720\" data-fig-type=\"NewsFlash\" data-gtm-custom-categorie=\"navigation\" data-gtm-custom-action=\"crossclick\" data-gtm-custom-label=\"Contextuel\" data-gtm-event=\"customEventSPE\" data-fig-domain=\"LEFIGARO\" target=\"_blank\" rel=\"noopener\">Tadej Pogacar<\/a>\u00a0d\u2019avoir \u00e9t\u00e9 aid\u00e9 par la moto de la t\u00e9l\u00e9vision \u00e0 44 kilom\u00e8tres de l\u2019arriv\u00e9e, au moment de son attaque foudroyante.<\/p>\n<p class=\"fig-paragraph\">L\u2019Am\u00e9ricain reproche \u00e0 Wellens d\u2019avoir profit\u00e9 de l\u2019aspiration de la moto. \u00abVous n\u2019avez pas vu la retransmission?\u00bb, a-t-il amorc\u00e9, un brin agac\u00e9. Avant de poursuivre\u00a0: \u00abC\u2019\u00e9tait le meilleur, au bon moment et avec la moto. Vous n\u2019avez pas vu la retransmission? C\u2019est comme \u00e7a. On a vu \u00e7a quelques fois sur ce Tour de France\u00bb.<\/p>\n<p>                                    <a class=\"fig-a11y-skip a11y-hidden\" href=\"#fig-a11y-skip-main-inarticle\"><br \/>\n        Passer la publicit\u00e9<br \/>\n    <\/a><\/p>\n<p>Le souvenir de la pol\u00e9mique Pogacar<\/p>\n<p class=\"fig-paragraph\">Simmons nuance\u00a0: \u00abParfois, c\u2019est toi qui prends cet avantage, mais la plupart du temps, c\u2019est quelqu\u2019un d\u2019autre. Mais \u00e0 la fin, on le sait tous. Si on est le premier \u00e0 faire l\u2019\u00e9cart, on ne peut plus \u00eatre rattrap\u00e9. On sait que \u00e7a va arriver, il faut juste choisir le bon moment. Il faut toujours \u00eatre tr\u00e8s fort, mais c\u2019est vraiment un facteur qui montre qu\u2019il faut partir t\u00f4t dans la course\u00bb, a poursuivi le coureur de Lidl-Trek.<\/p>\n<p class=\"fig-paragraph\">Pour rappel, en avril 2023 lors de l\u2019<a href=\"http:\/\/www.lefigaro.fr\/sports\/cyclisme\/cyclisme-polemique-sur-l-amstel-gold-race-tadej-pogacar-aide-par-la-voiture-de-l-organisation-20230417\" data-fig-type=\"NewsFlash\" data-gtm-custom-categorie=\"navigation\" data-gtm-custom-action=\"crossclick\" data-gtm-custom-label=\"Contextuel\" data-gtm-event=\"customEventSPE\" data-fig-domain=\"LEFIGARO\" target=\"_blank\" rel=\"noopener\">Amstel Gold Race<\/a>, le directeur de course avait \u00e9t\u00e9 accus\u00e9 d\u2019avoir aid\u00e9 Tadej Pogacar alors qu\u2019il se trouvait en voiture, juste devant le Slov\u00e8ne \u00e0 v\u00e9lo. \u00abOui, la voiture \u00e9tait vraiment proche. Ce n\u2019est vraiment pas bien comme situation. Ce sont des choses qui arrivent et ne devraient pas arriver. Mais cela n\u2019a pas dur\u00e9 longtemps\u00bb, s\u2019\u00e9tait d\u00e9fendu le ph\u00e9nom\u00e8ne.<\/p>\n","protected":false},"excerpt":{"rendered":"Le coureur de Lidl-Trek a accus\u00e9 Tim Wellens au micro d\u2019ITV Sport, vainqueur de la 15e \u00e9tape ce&hellip;\n","protected":false},"author":2,"featured_media":261956,"comment_status":"","ping_status":"","sticky":false,"template":"","format":"standard","meta":{"footnotes":""},"categories":[2],"tags":[11,1011,27,27884,33550,12,25,1138],"class_list":{"0":"post-261955","1":"post","2":"type-post","3":"status-publish","4":"format-standard","5":"has-post-thumbnail","7":"category-actualites","8":"tag-actualites","9":"tag-fr","10":"tag-france","11":"tag-jonas-vingegaard","12":"tag-julian-alaphilippe","13":"tag-news","14":"tag-republique-francaise","15":"tag-tadej-pogacar"},"share_on_mastodon":{"url":"https:\/\/pubeurope.com\/@fr\/114887708172883601","error":""},"_links":{"self":[{"href":"https:\/\/www.europesays.com\/fr\/wp-json\/wp\/v2\/posts\/261955","targetHints":{"allow":["GET"]}}],"collection":[{"href":"https:\/\/www.europesays.com\/fr\/wp-json\/wp\/v2\/posts"}],"about":[{"href":"https:\/\/www.europesays.com\/fr\/wp-json\/wp\/v2\/types\/post"}],"author":[{"embeddable":true,"href":"https:\/\/www.europesays.com\/fr\/wp-json\/wp\/v2\/users\/2"}],"replies":[{"embeddable":true,"href":"https:\/\/www.europesays.com\/fr\/wp-json\/wp\/v2\/comments?post=261955"}],"version-history":[{"count":0,"href":"https:\/\/www.europesays.com\/fr\/wp-json\/wp\/v2\/posts\/261955\/revisions"}],"wp:featuredmedia":[{"embeddable":true,"href":"https:\/\/www.europesays.com\/fr\/wp-json\/wp\/v2\/media\/261956"}],"wp:attachment":[{"href":"https:\/\/www.europesays.com\/fr\/wp-json\/wp\/v2\/media?parent=261955"}],"wp:term":[{"taxonomy":"category","embeddable":true,"href":"https:\/\/www.europesays.com\/fr\/wp-json\/wp\/v2\/categories?post=261955"},{"taxonomy":"post_tag","embeddable":true,"href":"https:\/\/www.europesays.com\/fr\/wp-json\/wp\/v2\/tags?post=261955"}],"curies":[{"name":"wp","href":"https:\/\/api.w.org\/{rel}","templated":true}]}}