{"id":261957,"date":"2025-07-20T21:34:12","date_gmt":"2025-07-20T21:34:12","guid":{"rendered":"https:\/\/www.europesays.com\/fr\/261957\/"},"modified":"2025-07-20T21:34:12","modified_gmt":"2025-07-20T21:34:12","slug":"le-psg-arrogant-avant-la-finale-de-la-cdm-des-clubs","status":"publish","type":"post","link":"https:\/\/www.europesays.com\/fr\/261957\/","title":{"rendered":"Le PSG arrogant avant la finale de la CDM des clubs ?"},"content":{"rendered":"<p><img width=\"700\" height=\"350\" src=\"https:\/\/www.europesays.com\/fr\/wp-content\/uploads\/2025\/07\/PSG-groupe.jpg\" class=\"attachment-jannah-image-post size-jannah-image-post wp-post-image\" alt=\"Psg groupe\" is_main_img=\"1\" decoding=\"async\" fetchpriority=\"high\"  \/><br \/>\n Image :<br \/>\npsg.fr<\/p>\n<p>Le 13 juillet dernier, le PSG s\u2019est inclin\u00e9 en finale de la<br \/>\nCoupe du monde des clubs (3-0) contre Chelsea. Selon la presse<br \/>\nanglaise, les Blues auraient \u00e9t\u00e9 motiv\u00e9s par une \u00e9ventuelle<br \/>\narrogance du c\u00f4t\u00e9 des salari\u00e9s du PSG.<\/p>\n<p>Le\u00a0<strong>PSG<\/strong>\u00a0a r\u00e9alis\u00e9 une saison 2024-2025<br \/>\nhistorique. Au tripl\u00e9 national (<strong>Troph\u00e9e des champions,<br \/>\nLigue 1<\/strong>,\u00a0<strong>Coupe de France<\/strong>), le club<br \/>\nde la capitale a ajout\u00e9 la\u00a0<strong>Ligue des<br \/>\nchampions<\/strong>\u00a0\u00e0 son palmar\u00e8s avec une victoire nette et<br \/>\nsans bavure contre l\u2019<strong><a href=\"https:\/\/canal-supporters.com\/ldc-denzel-dumfries-revient-sur-la-finale-face-au-psg\/\" title=\"\" target=\"_blank\" rel=\"noopener\">Inter Milan<\/a><\/strong>\u00a0en finale (5-0). Cet<br \/>\nexercice \u00e9coul\u00e9 aurait pu \u00eatre encore plus historique avec<br \/>\nla<strong>\u00a0Coupe du monde des clubs<\/strong>. Mais les<br \/>\nParisiens se sont largement inclin\u00e9s<br \/>\ncontre\u00a0<strong>Chelsea<\/strong>\u00a0(3-0). Favori de la<br \/>\nrencontre, le\u00a0<strong>PSG<\/strong>\u00a0a \u00e9t\u00e9 surclass\u00e9 par<br \/>\nles\u00a0<strong>Blues<\/strong>. Une semaine apr\u00e8s ce match, la<br \/>\npresse anglaise est revenue sur cette finale et a \u00e9voqu\u00e9 un<br \/>\npossible surplus de motivation du c\u00f4t\u00e9 anglais.\u00a0<\/p>\n<p>A voir aussi : <a href=\"https:\/\/canal-supporters.com\/edito-cs-un-souffle-une-oeuvre-une-promesse-merci-paris\/\" title=\"\" target=\"_blank\" rel=\"noopener\">Edito CS : Un souffle. Une \u0153uvre. Une promesse. Merci<br \/>\nParis !<\/a><\/p>\n<p><a href=\"https:\/\/x.com\/CanalSupporters\" target=\"_blank\" rel=\"noopener\" title=\"\">canalsupporters.com<\/a><\/p>\n<p>Des salari\u00e9s du<br \/>\nPSG se seraient questionn\u00e9s sur les modalit\u00e9s du retrait puis du<br \/>\ntransport du troph\u00e9e avant la finale<\/p>\n<p>Selon le <a href=\"https:\/\/www.thetimes.com\/sport\" target=\"_blank\" rel=\"noopener\" title=\"\">Sunday Times<\/a>, la veille<br \/>\nde la finale, lors d\u2019un d\u00eener organis\u00e9 par la<br \/>\n<strong>FIFA<\/strong>, des repr\u00e9sentants du club londonien ont<br \/>\nentendu plusieurs employ\u00e9s du <strong>PSG<\/strong> se questionner<br \/>\nsur les modalit\u00e9s du retrait puis du transport du troph\u00e9e. Sans<br \/>\nm\u00eame envisager que les hommes de <strong>Luis Enrique<\/strong><br \/>\npuissent perdre la finale le lendemain. Interloqu\u00e9s par ces<br \/>\ndiscussions quelque peu pr\u00e9somptueuses, les Anglais ont d\u00e9cid\u00e9 d\u2019en<br \/>\nfaire part au coach de <strong>Chelsea<\/strong>, <strong><a href=\"https:\/\/canal-supporters.com\/cdm-des-clubs-enzo-maresca-ne-sattendait-pas-a-gagner-de-cette-maniere\/\" title=\"\" target=\"_blank\" rel=\"noopener\">Enzo Maresca<\/a><\/strong>. Ce que le technicien italien<br \/>\ns\u2019est empress\u00e9 de r\u00e9p\u00e9ter \u00e0 ses joueurs lors de la causerie<br \/>\nd\u2019avant-match, indique le m\u00e9dia britannique. Pour rappel, \u00e0 l\u2019issue<br \/>\nde la rencontre, <strong>Cole Palmer<\/strong> ou <strong>Malo<br \/>\nGusto<\/strong> avaient \u00e9voqu\u00e9 des personnes qui avaient mal parl\u00e9<br \/>\nde <strong>Chelsea<\/strong> avant la finale.<\/p><\/p>\n","protected":false},"excerpt":{"rendered":"Image : psg.fr Le 13 juillet dernier, le PSG s\u2019est inclin\u00e9 en finale de la Coupe du monde&hellip;\n","protected":false},"author":2,"featured_media":261958,"comment_status":"","ping_status":"","sticky":false,"template":"","format":"standard","meta":{"footnotes":""},"categories":[2],"tags":[11,40173,81,30640,11871,7151,787,1011,27,12,626,91,92,93,25,96],"class_list":{"0":"post-261957","1":"post","2":"type-post","3":"status-publish","4":"format-standard","5":"has-post-thumbnail","7":"category-actualites","8":"tag-actualites","9":"tag-arrogance","10":"tag-canal-supporters","11":"tag-cdm-des-clubs","12":"tag-chelsea","13":"tag-coupe-du-monde-des-clubs","14":"tag-cs","15":"tag-fr","16":"tag-france","17":"tag-news","18":"tag-paris","19":"tag-paris-saint-germain","20":"tag-paris-sg","21":"tag-psg","22":"tag-republique-francaise","23":"tag-une"},"share_on_mastodon":{"url":"https:\/\/pubeurope.com\/@fr\/114887712082525003","error":""},"_links":{"self":[{"href":"https:\/\/www.europesays.com\/fr\/wp-json\/wp\/v2\/posts\/261957","targetHints":{"allow":["GET"]}}],"collection":[{"href":"https:\/\/www.europesays.com\/fr\/wp-json\/wp\/v2\/posts"}],"about":[{"href":"https:\/\/www.europesays.com\/fr\/wp-json\/wp\/v2\/types\/post"}],"author":[{"embeddable":true,"href":"https:\/\/www.europesays.com\/fr\/wp-json\/wp\/v2\/users\/2"}],"replies":[{"embeddable":true,"href":"https:\/\/www.europesays.com\/fr\/wp-json\/wp\/v2\/comments?post=261957"}],"version-history":[{"count":0,"href":"https:\/\/www.europesays.com\/fr\/wp-json\/wp\/v2\/posts\/261957\/revisions"}],"wp:featuredmedia":[{"embeddable":true,"href":"https:\/\/www.europesays.com\/fr\/wp-json\/wp\/v2\/media\/261958"}],"wp:attachment":[{"href":"https:\/\/www.europesays.com\/fr\/wp-json\/wp\/v2\/media?parent=261957"}],"wp:term":[{"taxonomy":"category","embeddable":true,"href":"https:\/\/www.europesays.com\/fr\/wp-json\/wp\/v2\/categories?post=261957"},{"taxonomy":"post_tag","embeddable":true,"href":"https:\/\/www.europesays.com\/fr\/wp-json\/wp\/v2\/tags?post=261957"}],"curies":[{"name":"wp","href":"https:\/\/api.w.org\/{rel}","templated":true}]}}