{"id":261961,"date":"2025-07-20T21:36:17","date_gmt":"2025-07-20T21:36:17","guid":{"rendered":"https:\/\/www.europesays.com\/fr\/261961\/"},"modified":"2025-07-20T21:36:17","modified_gmt":"2025-07-20T21:36:17","slug":"le-numero-1-mondial-scottie-scheffer-remporte-son-premier-british-open","status":"publish","type":"post","link":"https:\/\/www.europesays.com\/fr\/261961\/","title":{"rendered":"Le num\u00e9ro\u00a01 mondial Scottie Scheffer remporte son premier British Open"},"content":{"rendered":"<p>Il r\u00e8gne en ma\u00eetre sur les greens. L\u2019Am\u00e9ricain Scottie Scheffler, N.1 mondial d\u00e9j\u00e0 vainqueur cette ann\u00e9e du Championnat PGA, a remport\u00e9 de main de ma\u00eetre et pour la premi\u00e8re fois de sa carri\u00e8re le British Open, derni\u00e8re lev\u00e9e du Grand Chelem de l\u2019ann\u00e9e en <a href=\"https:\/\/www.20minutes.fr\/sport\/golf\/\" class=\"color-ultramarine c-link\" rel=\"nofollow noopener\" target=\"_blank\">golf<\/a>, dimanche \u00e0 Portrush en Irlande du Nord.<\/p>\n<p>En t\u00eate depuis la fin du deuxi\u00e8me tour vendredi, Scheffler, dont c\u2019est le quatri\u00e8me titre en <a href=\"https:\/\/www.20minutes.fr\/sport\/grand_chelem\/\" class=\"color-ultramarine c-link\" rel=\"nofollow noopener\" target=\"_blank\">Grand Chelem<\/a>, a termin\u00e9 \u00e0 17 coups sous le par, avec une avance confortable sur ses poursuivants. \u00ab\u00a0Je me suis vraiment senti en paix aujourd\u2019hui. J\u2019\u00e9tais vraiment dans le contr\u00f4le de ma mani\u00e8re de jouer, j\u2019\u00e9tais tr\u00e8s \u00e0 l\u2019aise\u00a0\u00bb, a dit au micro de Sky Sports le jeune Am\u00e9ricain de 29 ans, qui est apparu tr\u00e8s serein et d\u00e9contract\u00e9 tout au long du parcours. \u00ab\u00a0Le golf, c\u2019est une bataille permanente qu\u2019on se livre \u00e0 soi-m\u00eame pour tenter d\u2019obtenir le meilleur de son jeu et de soi. Cette semaine, j\u2019ai vraiment r\u00e9ussi \u00e0 m\u2019accrocher mentalement et \u00e0 bien jouer.\u00a0\u00bb<\/p>\n<p>Rory McIlroy n\u2019a pas d\u00e9m\u00e9rit\u00e9<\/p>\n<p>Scheffler a rel\u00e9gu\u00e9 \u00e0 quatre et cinq longueurs ses compatriotes Harris English et Christopher Gotterup. La mainmise am\u00e9ricaine sur ce British Open est totale, avec Wyndham Clark qui s\u2019est hiss\u00e9 dans le groupe des quatri\u00e8mes, \u00e0 -11, gr\u00e2ce \u00e0 une tr\u00e8s bonne derni\u00e8re journ\u00e9e l\u2019ayant vu rapporter une ultime carte de 66 et \u00eatre le seul concurrent de la journ\u00e9e \u00e0 r\u00e9ussir un eagle, au trou n\u00b012.<\/p>\n<p>Devant son public, l\u2019enfant du pays, <a href=\"https:\/\/www.20minutes.fr\/dossier\/rory_mcilroy\" class=\"color-ultramarine c-link\" rel=\"nofollow noopener\" target=\"_blank\">Rory McIlroy<\/a>, N.2 mondial, n\u2019a pas d\u00e9m\u00e9rit\u00e9 et termine dans le lot des septi\u00e8mes, \u00e0 -10, en compagnie du tenant du titre, l\u2019Am\u00e9ricain Xander Schauffele. \u00ab\u00a0Cela a \u00e9t\u00e9 une semaine g\u00e9niale\u00a0\u00bb, a d\u00e9clar\u00e9 McIlroy, tout sauf d\u00e9\u00e7u par sa performance. \u00ab\u00a0J\u2019ai eu tout ce que je voulais, sauf un Claret Jugg (le nom d\u00e9signant le troph\u00e9e r\u00e9compensant le vainqueur du British Open, NDLR), tout simplement parce qu\u2019une personne \u00e9tait un peu meilleure que nous tous\u00a0\u00bb, a poursuivi le laur\u00e9at du Masters en avril.<\/p>\n<p>Scheffler, digne successeur de Woods\u00a0?<\/p>\n<p>Cette personne, c\u2019est Scottie Scheffler. L\u2019Am\u00e9ricain a poursuivi la domination qu\u2019il exerce presque sans discontinuer sur le golf mondial depuis plus de trois ans. Le barbu originaire du New Jersey, d\u00e9sign\u00e9 joueur de l\u2019ann\u00e9e du circuit PGA en\u00a02022, 2023 et 2024, en est d\u00e9j\u00e0 \u00e0 quatre lev\u00e9es du Grand Chelem, apr\u00e8s ses titres aux Masters en\u00a02022 et\u00a02024, au PGA Championship et d\u00e9sormais au British Open cette ann\u00e9e.<\/p>\n<\/p>\n<p>Autre signe de sa domination sur le golf mondial, depuis l\u2019Open de Houston, en mars, il n\u2019a jamais termin\u00e9 au-del\u00e0 de la dixi\u00e8me place des onze tournois sur lesquels il s\u2019est align\u00e9. Sa performance \u00e0 Portrush a d\u2019ailleurs valu \u00e0 Scheffler les hommages de son pr\u00e9d\u00e9cesseur au palmar\u00e8s du British Open. \u00ab\u00a0Je pense que personne n\u2019imaginait que le monde du golf allait voir appara\u00eetre si t\u00f4t quelqu\u2019un d\u2019aussi dominant que ne le fut <a href=\"https:\/\/www.20minutes.fr\/sport\/tiger_woods\/\" class=\"color-ultramarine c-link\" rel=\"nofollow noopener\" target=\"_blank\">Tiger Woods<\/a>\u00a0\u00bb, a d\u00e9clar\u00e9 Schauffele.<\/p>\n","protected":false},"excerpt":{"rendered":"Il r\u00e8gne en ma\u00eetre sur les greens. L\u2019Am\u00e9ricain Scottie Scheffler, N.1 mondial d\u00e9j\u00e0 vainqueur cette ann\u00e9e du Championnat&hellip;\n","protected":false},"author":2,"featured_media":261962,"comment_status":"","ping_status":"","sticky":false,"template":"","format":"standard","meta":{"footnotes":""},"categories":[1418],"tags":[1011,27,1472,25011,516,8188,5079,517,60,5078],"class_list":{"0":"post-261961","1":"post","2":"type-post","3":"status-publish","4":"format-standard","5":"has-post-thumbnail","7":"category-golf","8":"tag-fr","9":"tag-france","10":"tag-golf","11":"tag-grand-chelem","12":"tag-irlande","13":"tag-pga","14":"tag-rory-mcilroy","15":"tag-sport","16":"tag-sports","17":"tag-tiger-woods"},"share_on_mastodon":{"url":"https:\/\/pubeurope.com\/@fr\/114887719845710808","error":""},"_links":{"self":[{"href":"https:\/\/www.europesays.com\/fr\/wp-json\/wp\/v2\/posts\/261961","targetHints":{"allow":["GET"]}}],"collection":[{"href":"https:\/\/www.europesays.com\/fr\/wp-json\/wp\/v2\/posts"}],"about":[{"href":"https:\/\/www.europesays.com\/fr\/wp-json\/wp\/v2\/types\/post"}],"author":[{"embeddable":true,"href":"https:\/\/www.europesays.com\/fr\/wp-json\/wp\/v2\/users\/2"}],"replies":[{"embeddable":true,"href":"https:\/\/www.europesays.com\/fr\/wp-json\/wp\/v2\/comments?post=261961"}],"version-history":[{"count":0,"href":"https:\/\/www.europesays.com\/fr\/wp-json\/wp\/v2\/posts\/261961\/revisions"}],"wp:featuredmedia":[{"embeddable":true,"href":"https:\/\/www.europesays.com\/fr\/wp-json\/wp\/v2\/media\/261962"}],"wp:attachment":[{"href":"https:\/\/www.europesays.com\/fr\/wp-json\/wp\/v2\/media?parent=261961"}],"wp:term":[{"taxonomy":"category","embeddable":true,"href":"https:\/\/www.europesays.com\/fr\/wp-json\/wp\/v2\/categories?post=261961"},{"taxonomy":"post_tag","embeddable":true,"href":"https:\/\/www.europesays.com\/fr\/wp-json\/wp\/v2\/tags?post=261961"}],"curies":[{"name":"wp","href":"https:\/\/api.w.org\/{rel}","templated":true}]}}