{"id":261965,"date":"2025-07-20T21:39:10","date_gmt":"2025-07-20T21:39:10","guid":{"rendered":"https:\/\/www.europesays.com\/fr\/261965\/"},"modified":"2025-07-20T21:39:10","modified_gmt":"2025-07-20T21:39:10","slug":"il-a-ete-un-peu-touche-parce-quun-athlete-naime-pas-les-critiques-ivanisevic-revient-sur-ses-declarations-effectuees-a-lencontre-de-tsitsipas","status":"publish","type":"post","link":"https:\/\/www.europesays.com\/fr\/261965\/","title":{"rendered":"\u00ab Il a \u00e9t\u00e9 un peu touch\u00e9 parce qu\u2019un athl\u00e8te n\u2019aime pas les critiques \u00bb, Ivanisevic revient sur ses d\u00e9clarations effectu\u00e9es \u00e0 l\u2019encontre de Tsitsipas"},"content":{"rendered":"<p>                <img decoding=\"async\" src=\"https:\/\/www.europesays.com\/fr\/wp-content\/uploads\/2025\/07\/CjXz.jpg\" alt=\"\u00ab Il a \u00e9t\u00e9 un peu touch\u00e9 parce qu\u2019un athl\u00e8te n\u2019aime pas les critiques \u00bb, Ivanisevic revient sur ses d\u00e9clarations effectu\u00e9es \u00e0 l\u2019encontre de Tsitsipas\"\/><\/p>\n<p>La collaboration entre Stefanos Tsitsipas et Goran Ivanisevic a d\u00e9marr\u00e9 apr\u00e8s Roland-Garros, mais les premiers r\u00e9sultats n\u2019ont pas \u00e9t\u00e9 probants, avec une \u00e9limination \u00e0 Halle au deuxi\u00e8me tour et \u00e0 Wimbledon au premier tour.<\/p>\n<p>Apr\u00e8s ces deux d\u00e9faites, Ivanisevic n\u2019avait pas m\u00e2ch\u00e9 ses mots quant \u00e0 la condition physique de son joueur, d\u00e9clarant qu\u2019il n\u2019\u00e9tait pas suffisamment aff\u00fbt\u00e9 pour \u00eatre comp\u00e9titif. Des propos qui ont fait le tour de la plan\u00e8te tennis et sur lesquels le Croate est revenu dans une interview pour le m\u00e9dia Gol :<\/p>\n<p>\u00ab Il a \u00e9t\u00e9 un peu touch\u00e9 parce qu\u2019un joueur de tennis ou un athl\u00e8te, quand son ego est un peu trop sollicit\u00e9, n\u2019aime pas les critiques. Je lui ai dit que le tennis est un sport individuel.<\/p>\n<p>Pour jouer sur le court, tu dois \u00eatre pr\u00eat mentalement et physiquement. Il ne l\u2019\u00e9tait pas \u00e0 Wimbledon. Des probl\u00e8mes de dos et un million d\u2019autres probl\u00e8mes. C\u2019est un long chemin. Il n\u2019y a pas de baguette magique ou de tour de magie. Tu dois juste travailler. \u00bb<\/p>\n","protected":false},"excerpt":{"rendered":"La collaboration entre Stefanos Tsitsipas et Goran Ivanisevic a d\u00e9marr\u00e9 apr\u00e8s Roland-Garros, mais les premiers r\u00e9sultats n\u2019ont pas&hellip;\n","protected":false},"author":2,"featured_media":261966,"comment_status":"","ping_status":"","sticky":false,"template":"","format":"standard","meta":{"footnotes":""},"categories":[1415],"tags":[1011,27,60,1467],"class_list":{"0":"post-261965","1":"post","2":"type-post","3":"status-publish","4":"format-standard","5":"has-post-thumbnail","7":"category-tennis","8":"tag-fr","9":"tag-france","10":"tag-sports","11":"tag-tennis"},"share_on_mastodon":{"url":"https:\/\/pubeurope.com\/@fr\/114887731643211736","error":""},"_links":{"self":[{"href":"https:\/\/www.europesays.com\/fr\/wp-json\/wp\/v2\/posts\/261965","targetHints":{"allow":["GET"]}}],"collection":[{"href":"https:\/\/www.europesays.com\/fr\/wp-json\/wp\/v2\/posts"}],"about":[{"href":"https:\/\/www.europesays.com\/fr\/wp-json\/wp\/v2\/types\/post"}],"author":[{"embeddable":true,"href":"https:\/\/www.europesays.com\/fr\/wp-json\/wp\/v2\/users\/2"}],"replies":[{"embeddable":true,"href":"https:\/\/www.europesays.com\/fr\/wp-json\/wp\/v2\/comments?post=261965"}],"version-history":[{"count":0,"href":"https:\/\/www.europesays.com\/fr\/wp-json\/wp\/v2\/posts\/261965\/revisions"}],"wp:featuredmedia":[{"embeddable":true,"href":"https:\/\/www.europesays.com\/fr\/wp-json\/wp\/v2\/media\/261966"}],"wp:attachment":[{"href":"https:\/\/www.europesays.com\/fr\/wp-json\/wp\/v2\/media?parent=261965"}],"wp:term":[{"taxonomy":"category","embeddable":true,"href":"https:\/\/www.europesays.com\/fr\/wp-json\/wp\/v2\/categories?post=261965"},{"taxonomy":"post_tag","embeddable":true,"href":"https:\/\/www.europesays.com\/fr\/wp-json\/wp\/v2\/tags?post=261965"}],"curies":[{"name":"wp","href":"https:\/\/api.w.org\/{rel}","templated":true}]}}