{"id":261967,"date":"2025-07-20T21:41:09","date_gmt":"2025-07-20T21:41:09","guid":{"rendered":"https:\/\/www.europesays.com\/fr\/261967\/"},"modified":"2025-07-20T21:41:09","modified_gmt":"2025-07-20T21:41:09","slug":"bezzecchi-na-meme-pas-envisage-de-contrer-marquez","status":"publish","type":"post","link":"https:\/\/www.europesays.com\/fr\/261967\/","title":{"rendered":"Bezzecchi n\u2019a m\u00eame pas envisag\u00e9 de contrer M\u00e1rquez"},"content":{"rendered":"<p>Faisant partie des huit pilotes ayant abandonn\u00e9 lors du Grand Prix d\u2019Allemagne au Sachsenring, Marco Bezzecchi s\u2019est bien relev\u00e9 \u00e0 Brno en glanant la deuxi\u00e8me place du Grand Prix, entre Marc M\u00e1rquez et Pedro Acosta. L\u2019Italien s\u2019offre par la m\u00eame occasion la quatri\u00e8me place du classement pilote en d\u00e9passant ses compatriotes Fabio Di Giannantonio et Franco Morbidelli, forfait suite \u00e0 sa chute en Allemagne.<\/p>\n<p>\u00ab\u00a0Je ne pense pas [que la victoire \u00e9tait atteignable]. Le d\u00e9but de course \u00e9tait incroyable, j\u2019ai fait un d\u00e9passement par l\u2019ext\u00e9rieur sur [Fabio] <a href=\"https:\/\/www.autohebdo.fr\/actualites\/tag\/fabio-quartararo\" data-internallinksmanager029f6b8e52c=\"15\" title=\"Fabio Quartararo\" rel=\"nofollow noopener\" target=\"_blank\">Quartararo<\/a>. Mais \u00e0 partir du moment o\u00f9 Marc [M\u00e1rquez] m\u2019a d\u00e9pass\u00e9, je n\u2019ai pu que constater qu\u2019il a quelque chose en plus.\u00a0\u00bb<\/p>\n<p>\u00ab\u00a0C\u2019\u00e9tait une course longue et \u00e9reintante, mais aussi tr\u00e8s belle. Je me suis beaucoup amus\u00e9, les premiers tours \u00e9taient spectaculaires. J\u2019ai fait quelques d\u00e9passements qui se sont av\u00e9r\u00e9s d\u00e9cisifs pour rester en t\u00eate, ici plus qu\u2019\u00e0 n\u2019importe quelle autre course, pour le pneu avant et pour la d\u00e9gradation en g\u00e9n\u00e9ral, analyse-t-il au micro de Canal+. J\u2019ai essay\u00e9 de g\u00e9rer l\u2019arri\u00e8re, mais quand Marc [M\u00e1rquez] m\u2019a d\u00e9pass\u00e9 je ne pouvais rien faire d\u2019autre que de me dire que j\u2019avais quand m\u00eame fait du bon travail.\u00a0\u00bb<\/p>\n<p>\u00ab\u00a0Je n\u2019ai pas trop envie de prendre de pause parce que je me sens bien.\u00a0\u00bb<\/p>\n<p>Dans un week-end marqu\u00e9 par une lutte contre les pressions minimales impos\u00e9es des pneumatiques, qualifi\u00e9 quatri\u00e8me, il a su trouver le meilleur sur le Fran\u00e7ais Quartararo et le seule pilote d\u2019usine qu\u2019il \u00e9tait capable de d\u00e9passer ce dimanche : Francesco Bagnaia. Dans le club tr\u00e8s ferm\u00e9 des quatre pilotes victorieux cette saison en douze Grands Prix, Marco Bezzecchi, victorieux \u00e0 Silverstone, veut emporter cet \u00e9tat de forme en deuxi\u00e8me partie de saison.<\/p>\n<p>\u00ab\u00a0J\u2019ai essay\u00e9 de rester au contact mais il \u00e9tait trop fort. Dans tous les cas, j\u2019ai fait une performance fantastique et je suis tr\u00e8s tr\u00e8s content. Je remercie toute l\u2019\u00e9quipe, mes m\u00e9caniciens, je les aime. Mes fans aussi, certains d\u2019entre eux sont au circuit aujourd\u2019hui, c\u2019\u00e9tait incroyable.\u00a0\u00bb<\/p>\n<p>\u00ab\u00a0On a encore beaucoup \u00e0 faire pour s\u2019am\u00e9liorer et se rapprocher de Marc [M\u00e1rquez] et des meilleurs pilotes. La tr\u00eave sera tr\u00e8s importante pour nous pour travailler, analyser et trouver des solutions pour le futur. Je suis persuad\u00e9 que les ing\u00e9nieurs vont travailler d\u2019arrache-pied. De mon c\u00f4t\u00e9 je vais m\u2019entra\u00eener. Je n\u2019ai pas trop envie de prendre de pause parce que je me sens bien et que je veux conserver cet \u00e9lan.\u00a0\u00bb<\/p>\n<p>Marco Bezzecchi s\u2019att\u00e8lera donc \u00e0 corriger ses erreurs de la premi\u00e8re partie de saison pendant le petit mois de tr\u00eave estivale qui attend l\u2019ensemble du paddock <a href=\"https:\/\/www.autohebdo.fr\/actualites\/motogp\" data-internallinksmanager029f6b8e52c=\"4\" title=\"MotoGP\" rel=\"nofollow noopener\" target=\"_blank\">MotoGP<\/a> avant la reprise au <a href=\"https:\/\/www.motogp.com\/fr\/calendar\/2025\/event\/austria\/2691a49e-a593-4119-8fe4-826017d5f2dd?tab=overview\" target=\"_blank\" rel=\"noopener nofollow\">Red Bull Ring<\/a> le 15 ao\u00fbt. Une deuxi\u00e8me partie de l\u2019ann\u00e9e qui pourrait voir le champion du monde en titre Jorge Martin se joindre \u00e0 la bataille aux avant-postes sur son Aprilia, la m\u00eame monture que Marco Bezzecchi.<\/p>\n<p><strong>\u00c0 LIRE AUSSI &gt;\u00a0<a href=\"https:\/\/www.autohebdo.fr\/actualites\/motogp\/vainqueur-a-brno-marc-marquez-bat-un-record-avec-ducati.html\" target=\"_blank\" rel=\"noopener nofollow\">Vainqueur \u00e0 Brno, Marc M\u00e1rquez bat un record avec Ducati<\/a><\/strong><\/p>\n","protected":false},"excerpt":{"rendered":"Faisant partie des huit pilotes ayant abandonn\u00e9 lors du Grand Prix d\u2019Allemagne au Sachsenring, Marco Bezzecchi s\u2019est bien&hellip;\n","protected":false},"author":2,"featured_media":261968,"comment_status":"","ping_status":"","sticky":false,"template":"","format":"standard","meta":{"footnotes":""},"categories":[1413],"tags":[1011,27,1457,1456,60],"class_list":{"0":"post-261967","1":"post","2":"type-post","3":"status-publish","4":"format-standard","5":"has-post-thumbnail","7":"category-moto","8":"tag-fr","9":"tag-france","10":"tag-moto","11":"tag-motocycle","12":"tag-sports"},"share_on_mastodon":{"url":"https:\/\/pubeurope.com\/@fr\/114887739609996595","error":""},"_links":{"self":[{"href":"https:\/\/www.europesays.com\/fr\/wp-json\/wp\/v2\/posts\/261967","targetHints":{"allow":["GET"]}}],"collection":[{"href":"https:\/\/www.europesays.com\/fr\/wp-json\/wp\/v2\/posts"}],"about":[{"href":"https:\/\/www.europesays.com\/fr\/wp-json\/wp\/v2\/types\/post"}],"author":[{"embeddable":true,"href":"https:\/\/www.europesays.com\/fr\/wp-json\/wp\/v2\/users\/2"}],"replies":[{"embeddable":true,"href":"https:\/\/www.europesays.com\/fr\/wp-json\/wp\/v2\/comments?post=261967"}],"version-history":[{"count":0,"href":"https:\/\/www.europesays.com\/fr\/wp-json\/wp\/v2\/posts\/261967\/revisions"}],"wp:featuredmedia":[{"embeddable":true,"href":"https:\/\/www.europesays.com\/fr\/wp-json\/wp\/v2\/media\/261968"}],"wp:attachment":[{"href":"https:\/\/www.europesays.com\/fr\/wp-json\/wp\/v2\/media?parent=261967"}],"wp:term":[{"taxonomy":"category","embeddable":true,"href":"https:\/\/www.europesays.com\/fr\/wp-json\/wp\/v2\/categories?post=261967"},{"taxonomy":"post_tag","embeddable":true,"href":"https:\/\/www.europesays.com\/fr\/wp-json\/wp\/v2\/tags?post=261967"}],"curies":[{"name":"wp","href":"https:\/\/api.w.org\/{rel}","templated":true}]}}