{"id":261969,"date":"2025-07-20T21:42:12","date_gmt":"2025-07-20T21:42:12","guid":{"rendered":"https:\/\/www.europesays.com\/fr\/261969\/"},"modified":"2025-07-20T21:42:12","modified_gmt":"2025-07-20T21:42:12","slug":"le-numero-1-mondial-scottie-scheffer-remporte-son-premier-british-open-2","status":"publish","type":"post","link":"https:\/\/www.europesays.com\/fr\/261969\/","title":{"rendered":"Le num\u00e9ro 1 mondial Scottie Scheffer remporte son premier British Open"},"content":{"rendered":"<p class=\"mb-4 text-lg md:leading-8 break-words\"><strong>maestro &#8211; L\u2019Am\u00e9ricain a remport\u00e9 ce dimanche pour la premi\u00e8re fois le British Open, son quatri\u00e8me titre en Grand Chelem<\/strong><\/p>\n<p class=\"mb-4 text-lg md:leading-8 break-words\">Il r\u00e8gne en ma\u00eetre sur les greens. L\u2019Am\u00e9ricain Scottie Scheffler, N.1 mondial d\u00e9j\u00e0 vainqueur cette ann\u00e9e du Championnat PGA, a remport\u00e9 de main de ma\u00eetre et pour la premi\u00e8re fois de sa carri\u00e8re le British Open, derni\u00e8re lev\u00e9e du Grand Chelem de l\u2019ann\u00e9e en <a href=\"https:\/\/www.20minutes.fr\/sport\/golf\/?at_medium=RSS%20feed&amp;at_campaign=ynews&amp;utm_source=yahoo&amp;utm_medium=rss&amp;utm_campaign=news_feed&amp;utm_content=in_article_link\" rel=\"nofollow noopener\" target=\"_blank\" data-ylk=\"slk:golf;elm:context_link;itc:0;sec:content-canvas\" class=\"link \">golf<\/a>, dimanche \u00e0 Portrush en Irlande du Nord.<\/p>\n<p class=\"mb-4 text-lg md:leading-8 break-words\">En t\u00eate depuis la fin du deuxi\u00e8me tour vendredi, Scheffler, dont c\u2019est le quatri\u00e8me titre en <a href=\"https:\/\/www.20minutes.fr\/sport\/grand_chelem\/?at_medium=RSS%20feed&amp;at_campaign=ynews&amp;utm_source=yahoo&amp;utm_medium=rss&amp;utm_campaign=news_feed&amp;utm_content=in_article_link\" rel=\"nofollow noopener\" target=\"_blank\" data-ylk=\"slk:Grand Chelem;elm:context_link;itc:0;sec:content-canvas\" class=\"link \">Grand Chelem<\/a>, a termin\u00e9 \u00e0 17 coups sous le par, avec une avance confortable sur ses poursuivants. \u00ab Je me suis vraiment senti en paix aujourd\u2019hui. J\u2019\u00e9tais vraiment dans le contr\u00f4le de ma mani\u00e8re de jouer, j\u2019\u00e9tais tr\u00e8s \u00e0 l\u2019aise \u00bb, a dit au micro de Sky Sports le jeune Am\u00e9ricain de 29 ans, qui est apparu tr\u00e8s serein et d\u00e9contract\u00e9 tout au long du parcours. \u00ab Le golf, c\u2019est une bataille permanente qu\u2019on se livre \u00e0 soi-m\u00eame pour tenter d\u2019obtenir le meilleur de son jeu et de soi. Cette semaine, j\u2019ai vraiment r\u00e9ussi \u00e0 m\u2019accrocher mentalement et \u00e0 bien jouer. \u00bb<\/p>\n<p>Rory McIlroy n\u2019a pas d\u00e9m\u00e9rit\u00e9<\/p>\n<p class=\"mb-4 text-lg md:leading-8 break-words\">Scheffler a rel\u00e9gu\u00e9 \u00e0 quatre et cinq longueurs ses compatriotes Harris English et Christopher Gotterup. La mainmise am\u00e9ricaine sur ce British Open est totale, avec Wyndham Clark qui s\u2019est hiss\u00e9 dans le groupe des quatri\u00e8mes, \u00e0 -11, gr\u00e2ce \u00e0 une tr\u00e8s bonne derni\u00e8re journ\u00e9e l\u2019ayant vu rapporter une ultime carte de 66 et \u00eatre le seul concurrent de la journ\u00e9e \u00e0 r\u00e9ussir un eagle, au trou n\u00b012.<\/p>\n<p class=\"mb-4 text-lg md:leading-8 break-words\">Devant son public, l\u2019enfant du pays, Rory McIlroy, N.2 mondial, n\u2019a pas d\u00e9m\u00e9rit\u00e9 et termine dans le lot des septi\u00e8mes, \u00e0 -1(&#8230;)<\/p>\n<p class=\"mb-4 text-lg md:leading-8 break-words\"><a href=\"https:\/\/www.20minutes.fr\/sport\/golf\/4164484-20250720-golf-numero-1-mondial-scottie-scheffer-remporte-premier-british-open?at_medium=RSS%20feed&amp;at_campaign=ynews&amp;utm_source=yahoo&amp;utm_medium=rss&amp;utm_campaign=news_feed&amp;utm_content=read_more_link\" rel=\"nofollow noopener\" target=\"_blank\" data-ylk=\"slk:Lire la suite sur 20minutes;elm:context_link;itc:0;sec:content-canvas\" class=\"link \">Lire la suite sur 20minutes<\/a><\/p>\n<p>\u00c0 lire aussi :<br \/><a href=\"https:\/\/www.20minutes.fr\/sport\/golf\/4091570-20240517-golf-1-mondial-scottie-scheffler-interpelle-rendant-pga-championship?at_medium=RSS%20feed&amp;at_campaign=ynews&amp;utm_source=yahoo&amp;utm_medium=rss&amp;utm_campaign=news_feed&amp;utm_content=related_content_link\" rel=\"nofollow noopener\" target=\"_blank\" data-ylk=\"slk:Golf : Le num\u00e9ro 1 mondial, Scottie Scheffler, interpell\u00e9 en se rendant au PGA Championship;elm:context_link;itc:0;sec:content-canvas\" class=\"link \">Golf : Le num\u00e9ro 1 mondial, Scottie Scheffler, interpell\u00e9 en se rendant au PGA Championship<\/a><br \/><a href=\"https:\/\/www.20minutes.fr\/sport\/golf\/4158708-20250616-golf-dernier-coup-reve-conditions-dantesques-us-open-americain-spaun-remporte-premier-majeur?at_medium=RSS%20feed&amp;at_campaign=ynews&amp;utm_source=yahoo&amp;utm_medium=rss&amp;utm_campaign=news_feed&amp;utm_content=related_content_link\" rel=\"nofollow noopener\" target=\"_blank\" data-ylk=\"slk:Golf : \u00ab Dernier coup de r\u00eave \u00bb, conditions dantesques\u2026 A l\u2019US Open, l\u2019Am\u00e9ricain J.J. Spaun remporte son premier Majeur;elm:context_link;itc:0;sec:content-canvas\" class=\"link \">Golf : \u00ab Dernier coup de r\u00eave \u00bb, conditions dantesques\u2026 A l\u2019US Open, l\u2019Am\u00e9ricain J.J. Spaun remporte son premier Majeur<\/a><\/p>\n","protected":false},"excerpt":{"rendered":"maestro &#8211; L\u2019Am\u00e9ricain a remport\u00e9 ce dimanche pour la premi\u00e8re fois le British Open, son quatri\u00e8me titre en&hellip;\n","protected":false},"author":2,"featured_media":261970,"comment_status":"","ping_status":"","sticky":false,"template":"","format":"standard","meta":{"footnotes":""},"categories":[1412],"tags":[5075,1451,1452,1453,1454,1455,1011,27,25011,16776,40176,40160,60],"class_list":{"0":"post-261969","1":"post","2":"type-post","3":"status-publish","4":"format-standard","5":"has-post-thumbnail","7":"category-f1","8":"tag-british-open","9":"tag-f1","10":"tag-formula-1","11":"tag-formula1","12":"tag-formule-1","13":"tag-formule1","14":"tag-fr","15":"tag-france","16":"tag-grand-chelem","17":"tag-irlande-du-nord","18":"tag-lenfant-du-pays","19":"tag-scottie-scheffler","20":"tag-sports"},"share_on_mastodon":{"url":"https:\/\/pubeurope.com\/@fr\/114887743535444316","error":""},"_links":{"self":[{"href":"https:\/\/www.europesays.com\/fr\/wp-json\/wp\/v2\/posts\/261969","targetHints":{"allow":["GET"]}}],"collection":[{"href":"https:\/\/www.europesays.com\/fr\/wp-json\/wp\/v2\/posts"}],"about":[{"href":"https:\/\/www.europesays.com\/fr\/wp-json\/wp\/v2\/types\/post"}],"author":[{"embeddable":true,"href":"https:\/\/www.europesays.com\/fr\/wp-json\/wp\/v2\/users\/2"}],"replies":[{"embeddable":true,"href":"https:\/\/www.europesays.com\/fr\/wp-json\/wp\/v2\/comments?post=261969"}],"version-history":[{"count":0,"href":"https:\/\/www.europesays.com\/fr\/wp-json\/wp\/v2\/posts\/261969\/revisions"}],"wp:featuredmedia":[{"embeddable":true,"href":"https:\/\/www.europesays.com\/fr\/wp-json\/wp\/v2\/media\/261970"}],"wp:attachment":[{"href":"https:\/\/www.europesays.com\/fr\/wp-json\/wp\/v2\/media?parent=261969"}],"wp:term":[{"taxonomy":"category","embeddable":true,"href":"https:\/\/www.europesays.com\/fr\/wp-json\/wp\/v2\/categories?post=261969"},{"taxonomy":"post_tag","embeddable":true,"href":"https:\/\/www.europesays.com\/fr\/wp-json\/wp\/v2\/tags?post=261969"}],"curies":[{"name":"wp","href":"https:\/\/api.w.org\/{rel}","templated":true}]}}