{"id":26197,"date":"2025-04-15T08:35:07","date_gmt":"2025-04-15T08:35:07","guid":{"rendered":"https:\/\/www.europesays.com\/fr\/26197\/"},"modified":"2025-04-15T08:35:07","modified_gmt":"2025-04-15T08:35:07","slug":"lunion-europeenne-leve-doucement-le-tabou-des-stocks-alimentaires","status":"publish","type":"post","link":"https:\/\/www.europesays.com\/fr\/26197\/","title":{"rendered":"L&rsquo;Union europ\u00e9enne l\u00e8ve doucement le tabou des stocks alimentaires"},"content":{"rendered":"<p>Ce serait, si\u00a0le mouvement allait jusqu&rsquo;au bout,\u00a0\u00ab un v\u00e9ritable bouleversement \u00bb dans l&rsquo;Union europ\u00e9enne, r\u00e9sume Thierry Pouch,\u00a0responsable du service des \u00e9tudes \u00e9conomiques aux chambres d&rsquo;agriculture \u00e0 Paris. Plusieurs signaux faibles indiquent que l&rsquo;id\u00e9e de reconstituer des stocks alimentaires publics devient de moins en moins tabou dans l&rsquo;Union europ\u00e9enne.\u00a0\u00ab Au niveau de l&rsquo;UE, plusieurs documents \u00e9voquent explicitement l&rsquo;id\u00e9e de contingentements, d&rsquo;entit\u00e9s critiques, tel le r\u00e9cent rapport de [Sauli] Niinist\u00f6, ancien pr\u00e9sident de la Finlande, sur le renforcement de la pr\u00e9paration civile et militaire de l&rsquo;Europe [remis \u00e0 la Commission europ\u00e9enne fin 2024] \u00bb, <a href=\"https:\/\/revue-sesame-inrae.fr\/securite-alimentaire-1-3-faire-bloc-pour-constituer-des-stocks\/\" target=\"_blank\" rel=\"nofollow noopener\">note le 10 mars, dans la revue S\u00e9same de l&rsquo;Institut national de recherche pour l&rsquo;agriculture, l&rsquo;alimentation et l&rsquo;environnement (Inrae)<\/a>, l&rsquo;expert Franck Galtier, \u00e9conomiste au Cirad.<\/p>\n","protected":false},"excerpt":{"rendered":"Ce serait, si\u00a0le mouvement allait jusqu&rsquo;au bout,\u00a0\u00ab un v\u00e9ritable bouleversement \u00bb dans l&rsquo;Union europ\u00e9enne, r\u00e9sume Thierry Pouch,\u00a0responsable du&hellip;\n","protected":false},"author":2,"featured_media":26198,"comment_status":"","ping_status":"","sticky":false,"template":"","format":"standard","meta":{"footnotes":""},"categories":[1586],"tags":[17,11,154,9325,645,1777,674,1779,4538,1011,27,4537,9324,12,25,9327,9326,1778,364],"class_list":{"0":"post-26197","1":"post","2":"type-post","3":"status-publish","4":"format-standard","5":"has-post-thumbnail","7":"category-europe","8":"tag-17","9":"tag-actualites","10":"tag-des","11":"tag-doucement","12":"tag-entreprises-finance","13":"tag-eu","14":"tag-europe","15":"tag-european-union","16":"tag-europeenne","17":"tag-fr","18":"tag-france","19":"tag-lunion","20":"tag-leve","21":"tag-news","22":"tag-republique-francaise","23":"tag-stocks","24":"tag-tabou","25":"tag-ue","26":"tag-union-europeenne"},"share_on_mastodon":{"url":"https:\/\/pubeurope.com\/@fr\/114341067035356813","error":""},"_links":{"self":[{"href":"https:\/\/www.europesays.com\/fr\/wp-json\/wp\/v2\/posts\/26197","targetHints":{"allow":["GET"]}}],"collection":[{"href":"https:\/\/www.europesays.com\/fr\/wp-json\/wp\/v2\/posts"}],"about":[{"href":"https:\/\/www.europesays.com\/fr\/wp-json\/wp\/v2\/types\/post"}],"author":[{"embeddable":true,"href":"https:\/\/www.europesays.com\/fr\/wp-json\/wp\/v2\/users\/2"}],"replies":[{"embeddable":true,"href":"https:\/\/www.europesays.com\/fr\/wp-json\/wp\/v2\/comments?post=26197"}],"version-history":[{"count":0,"href":"https:\/\/www.europesays.com\/fr\/wp-json\/wp\/v2\/posts\/26197\/revisions"}],"wp:featuredmedia":[{"embeddable":true,"href":"https:\/\/www.europesays.com\/fr\/wp-json\/wp\/v2\/media\/26198"}],"wp:attachment":[{"href":"https:\/\/www.europesays.com\/fr\/wp-json\/wp\/v2\/media?parent=26197"}],"wp:term":[{"taxonomy":"category","embeddable":true,"href":"https:\/\/www.europesays.com\/fr\/wp-json\/wp\/v2\/categories?post=26197"},{"taxonomy":"post_tag","embeddable":true,"href":"https:\/\/www.europesays.com\/fr\/wp-json\/wp\/v2\/tags?post=26197"}],"curies":[{"name":"wp","href":"https:\/\/api.w.org\/{rel}","templated":true}]}}