{"id":261971,"date":"2025-07-20T21:43:10","date_gmt":"2025-07-20T21:43:10","guid":{"rendered":"https:\/\/www.europesays.com\/fr\/261971\/"},"modified":"2025-07-20T21:43:10","modified_gmt":"2025-07-20T21:43:10","slug":"tout-ce-quil-faut-savoir-sur-le-depart-du-tour-de-france-femmes-a-vannes-le-26-juillet","status":"publish","type":"post","link":"https:\/\/www.europesays.com\/fr\/261971\/","title":{"rendered":"Tout ce qu\u2019il faut savoir sur le d\u00e9part du Tour de France Femmes \u00e0 Vannes le 26\u00a0juillet"},"content":{"rendered":"<p>1 Une fan zone sur le port de Vannes<\/p>\n<p>Le samedi 26 juillet, le Tour de France Femmes s\u2019\u00e9lancera de Vannes <a href=\"https:\/\/www.letelegramme.fr\/sports\/cyclisme\/tour-de-france-femmes-marion-rousse-lance-le-compte-a-rebours-a-100-jours-dune-edition-prometteuse-6800813.php\" title=\"www.letelegramme.fr\" target=\"_blank\" rel=\"noopener\">pour une quatri\u00e8me \u00e9dition qui s\u2019annonce prometteuse<\/a>. Dans la cit\u00e9 des V\u00e9n\u00e8tes, une fan zone sera install\u00e9e sur l\u2019esplanade Simone-Veil, entre le Kiosque exposition et l\u2019office de tourisme, pour promettre aux spectateurs une journ\u00e9e 100\u00a0% cyclisme.<\/p>\n<p>24 stands d\u2019animation sont pr\u00e9vus par les partenaires du Tour de France et anim\u00e9s par Zwift\u00a0: deux pistes de v\u00e9lo, un atelier r\u00e9paration, un pour la s\u00e9curit\u00e9 routi\u00e8re, de la musique, des shows, des interventions de professionnels\u2026 Sur place, un \u00e9cran g\u00e9ant diffusera en direct l\u2019int\u00e9gralit\u00e9 de la premi\u00e8re \u00e9tape, Vannes-Plumelec. L\u2019organisation a d\u00e9cid\u00e9 de permettre aux spectateurs de venir avec des gourdes isothermes, habituellement interdites, pour un confort optimal. L\u2019entr\u00e9e est gratuite et ouverte \u00e0 tous dans cette zone s\u00e9curis\u00e9e avec une jauge d\u00e9finie\u00a0: 3\u00a0000 personnes simultan\u00e9ment.<\/p>\n<p>2 La circulation et le stationnement perturb\u00e9s<\/p>\n<p>La circulation et le stationnement \u00e0 Vannes seront difficiles durant la journ\u00e9e du 26 juillet. D\u00e8s 6\u00a0h du matin et jusqu\u2019\u00e0 20\u00a0h, l\u2019avenue Mar\u00e9chal-de-Tassigny, de la rue Amp\u00e8re jusqu\u2019\u00e0 la place Decker, sera ferm\u00e9e. De m\u00eame pour la rue du Port, le giratoire Moulin du Roy, la place Gambetta, la rue Le-Dressay, la rue Le-Pontois, la rue de Bazvalan, la rue Le-Grand et la rue Francis-Decker qui resteront ferm\u00e9s pour des questions de s\u00e9curit\u00e9 et pour laisser de la place pour les v\u00e9hicules appartenant au Tour de France Femmes. Il est donc fortement conseill\u00e9 aux habitants de prendre des mesures pour cette journ\u00e9e et ce, d\u00e8s la veille.<\/p>\n<p><img decoding=\"async\" src=\"https:\/\/www.europesays.com\/fr\/wp-content\/uploads\/2025\/07\/687d38d3dae2afe9d60df230.1.jpeg\" width=\"480\" height=\"300\" class=\"web_golden_m\" loading=\"lazy\" alt=\"Tout ce qu\u2019il faut savoir sur le d\u00e9part du Tour de France Femmes \u00e0 Vannes le 26\u00a0juillet\"\/> (Infographie\u00a0: Le T\u00e9l\u00e9gramme)<\/p>\n<p>D\u2019autres rues et impasses fermeront \u00e0 partir de 15\u00a0h\u00a030, <a href=\"https:\/\/www.mairie-vannes.fr\/informations-pratiques-tour-de-france-femmes\" target=\"_blank\" rel=\"noopener\">la liste est \u00e0 retrouver sur le site de la mairie<\/a>. Pour ceux qui souhaiteraient prendre les transports en commun, les bus Kic\u00e9o seront gratuits toute la journ\u00e9e. Mais les d\u00e9placements \u00e0 pied ou \u00e0 v\u00e9lo sont \u00e0 privil\u00e9gier.<\/p>\n<p>3 Les heures de passage de la caravane et des coureuses<\/p>\n<p>La pr\u00e9sentation des \u00e9quipes se fera de 15\u00a0h\u00a045 \u00e0 17\u00a0h\u00a010 sur l\u2019esplanade Simone-Veil. Le public est invit\u00e9 \u00e0 venir assister aux \u00e9chauffements des coureuses dans le respect des zones d\u00e9limit\u00e9es par les \u00e9quipes. Puis le d\u00e9part de la caravane publicitaire comportant 15 \u00e0 20 v\u00e9hicules se fera sur la place Gambetta \u00e0 15\u00a0h\u00a025. Le d\u00e9part fictif du Tour de France Femmes sera donn\u00e9 \u00e0 17\u00a0h\u00a025, place Gambetta. Le peloton empruntera un itin\u00e9raire pr\u00e9cis \u00e0 travers la ville, offrant aux spectateurs, une belle occasion d\u2019encourager les coureuses d\u00e8s les premi\u00e8res minutes de la course. Le d\u00e9part r\u00e9el sera lanc\u00e9 vers 17\u00a0h\u00a040, sur la route de Roguedas. Les yeux riv\u00e9s sur les coureuses, en vrai ou sur grand \u00e9cran, les spectateurs seront aux premi\u00e8res loges pour cette premi\u00e8re \u00e9tape qui restera <a href=\"https:\/\/www.letelegramme.fr\/morbihan\/vannes-56000\/une-fete-pour-preparer-vannes-au-tour-de-france-femmes-en-images-6823568.php\" title=\"www.letelegramme.fr\" target=\"_blank\" rel=\"noopener\">grav\u00e9e dans l\u2019histoire de Vannes<\/a>.<\/p>\n<p>4 Les spots pour assister \u00e0 la course<\/p>\n<p>Le d\u00e9part officiel se fera \u00e0 Arradon, puis les coureuses passeront par Ploeren, Plescop, Grand-Champ, Plaudren et <a href=\"https:\/\/www.letelegramme.fr\/sports\/cyclisme\/tour-de-france\/tour-de-france-femmes-larrivee-de-la-premiere-etape-a-plumelec-decalee-en-soiree-pour-eviter-la-concurrence-avec-les-hommes-6801081.php\" title=\"www.letelegramme.fr\" target=\"_blank\" rel=\"noopener\">finiront leur course \u00e0 Plumelec<\/a>. <a href=\"https:\/\/www.letelegramme.fr\/morbihan\/arradon-56610\/le-tour-de-france-femmes-passera-par-arradon-le-26-juillet-6856767.php\" title=\"www.letelegramme.fr\" target=\"_blank\" rel=\"noopener\">Le premier spot, Arradon<\/a> ouvrira le bal avec le d\u00e9part qui se fera sur la route de Roguedas. La <a href=\"https:\/\/www.arradon.com\/actualites\/tour-de-france-femmes-2025\/\" target=\"_blank\" rel=\"noopener\">circulation sera interdite<\/a> dans certaines zones de 16\u00a0h \u00e0 19\u00a0h. Ensuite, suivra Plescop pour qui le stationnement et la <a href=\"https:\/\/www.plescop.bzh\/modification-circulation-passage-tour-france-femmes-a569.html?m=1\" target=\"_blank\" rel=\"noopener\">circulation seront aussi fortement perturb\u00e9s <\/a>ce jour-l\u00e0, sur l\u2019axe B\u00e9l\u00e9an, place de l\u2019\u00e9glise, M\u00e9n\u00e9sal.<\/p>\n<p>Mais toutes les voies adjacentes au parcours du Tour de France Femmes seront ferm\u00e9es. Les coureuses passeront ensuite \u00e0 Grand-Champ aux alentours de 18\u00a0h. La circulation et le stationnement seront interdits sur<a href=\"https:\/\/www.grandchamp.fr\/passage-du-tour-de-france-feminin\" target=\"_blank\" rel=\"noopener\"> l\u2019ensemble du circuit <\/a>de 16\u00a0h \u00e0 18\u00a0h\u00a045. La c\u00f4te de Botsegalo \u00e9tant sur 1,3 km, sera l\u2019un des spots le plus important de la course. Puis, l\u2019\u00e9tape se poursuivra avec Plaudren qui accueillera les cyclistes par la voirie communale, qui ensuite, traverseront le bourg vers 18\u00a0h\u00a020. Elles finiront l\u2019\u00e9tape avec la c\u00f4te de Cadoudal sur 1,7 km et arriveront \u00e0 Plumelec <a href=\"https:\/\/www.letourfemmes.fr\/fr\/etape-1\" target=\"_blank\" rel=\"noopener\">apr\u00e8s 79 km d\u2019effort<\/a> vers 19\u00a0h\u00a030.<\/p>\n","protected":false},"excerpt":{"rendered":"1 Une fan zone sur le port de Vannes Le samedi 26 juillet, le Tour de France Femmes&hellip;\n","protected":false},"author":2,"featured_media":261972,"comment_status":"","ping_status":"","sticky":false,"template":"","format":"standard","meta":{"footnotes":""},"categories":[1411],"tags":[11,40177,1154,207,11097,1011,27,27408,40178,2363,40179,18762,60,11098,3165],"class_list":{"0":"post-261971","1":"post","2":"type-post","3":"status-publish","4":"format-standard","5":"has-post-thumbnail","7":"category-cyclisme","8":"tag-actualites","9":"tag-arradon","10":"tag-cycling","11":"tag-cyclisme","12":"tag-cyclisme-feminin","13":"tag-fr","14":"tag-france","15":"tag-grand-champ","16":"tag-plaudren","17":"tag-plescop","18":"tag-ploeren","19":"tag-plumelec","20":"tag-sports","21":"tag-tour-de-france-femmes","22":"tag-vannes"},"share_on_mastodon":{"url":"https:\/\/pubeurope.com\/@fr\/114887747456846999","error":""},"_links":{"self":[{"href":"https:\/\/www.europesays.com\/fr\/wp-json\/wp\/v2\/posts\/261971","targetHints":{"allow":["GET"]}}],"collection":[{"href":"https:\/\/www.europesays.com\/fr\/wp-json\/wp\/v2\/posts"}],"about":[{"href":"https:\/\/www.europesays.com\/fr\/wp-json\/wp\/v2\/types\/post"}],"author":[{"embeddable":true,"href":"https:\/\/www.europesays.com\/fr\/wp-json\/wp\/v2\/users\/2"}],"replies":[{"embeddable":true,"href":"https:\/\/www.europesays.com\/fr\/wp-json\/wp\/v2\/comments?post=261971"}],"version-history":[{"count":0,"href":"https:\/\/www.europesays.com\/fr\/wp-json\/wp\/v2\/posts\/261971\/revisions"}],"wp:featuredmedia":[{"embeddable":true,"href":"https:\/\/www.europesays.com\/fr\/wp-json\/wp\/v2\/media\/261972"}],"wp:attachment":[{"href":"https:\/\/www.europesays.com\/fr\/wp-json\/wp\/v2\/media?parent=261971"}],"wp:term":[{"taxonomy":"category","embeddable":true,"href":"https:\/\/www.europesays.com\/fr\/wp-json\/wp\/v2\/categories?post=261971"},{"taxonomy":"post_tag","embeddable":true,"href":"https:\/\/www.europesays.com\/fr\/wp-json\/wp\/v2\/tags?post=261971"}],"curies":[{"name":"wp","href":"https:\/\/api.w.org\/{rel}","templated":true}]}}