{"id":261975,"date":"2025-07-20T21:45:24","date_gmt":"2025-07-20T21:45:24","guid":{"rendered":"https:\/\/www.europesays.com\/fr\/261975\/"},"modified":"2025-07-20T21:45:24","modified_gmt":"2025-07-20T21:45:24","slug":"luana-belmondo-tellement-changee-depuis-son-divorce-avec-paul-belmondo-sa-reponse-bien-sentie-a-ceux-qui-setonnent-de-sa-metamorphose","status":"publish","type":"post","link":"https:\/\/www.europesays.com\/fr\/261975\/","title":{"rendered":"Luana Belmondo \u00ab\u00a0tellement chang\u00e9e\u00a0\u00bb depuis son divorce avec Paul Belmondo, sa r\u00e9ponse bien sentie \u00e0 ceux qui s&rsquo;\u00e9tonnent de sa m\u00e9tamorphose"},"content":{"rendered":"<p>Un an apr\u00e8s sa s\u00e9paration avec Paul Belmondo, Luana remonte doucement la pente. Plut\u00f4t discr\u00e8te sur cet \u00e9v\u00e9nement douloureux, la cheffe italienne a tenu \u00e0 r\u00e9pondre \u00e0 tous ceux qui lui font des remarques sur sa transformation. Sur Instagram, elle a adress\u00e9 un message subtil, mais plein de sens, \u00e0 ceux qui ont remarqu\u00e9 \u00e0 quel point elle a chang\u00e9.<\/p>\n<p>Apr\u00e8s 34 ans de mariage, <a href=\"https:\/\/www.programme-tv.net\/news\/people\/377974-certains-ont-tente-de-nous-opposer-luana-belmondo-a-pu-compter-sur-le-soutien-de-julie-andrieu-lors-de-sa-rupture-avec-paul-belmondo\/\" data-api-deeplink=\"teleloisirs:\/\/news\/377974\" target=\"_blank\" rel=\"noopener\">Luana et Paul Belmondo ont annonc\u00e9 leur s\u00e9paration en juin 2024<\/a>. Une nouvelle qui avait secou\u00e9 tout le monde et notamment leur famille. Une infid\u00e9lit\u00e9 du fils de l\u2019illustre Jean-Paul avait eu raison de leur mariage. Comme la cheffe italienne l\u2019avait confi\u00e9 \u00e0 Paris Match il y a quelques mois, elle n\u2019a pas appris la nouvelle par son mari, mais par des amis. \u00ab\u00a0J\u2019ai re\u00e7u un appel de deux amis, un peu g\u00ean\u00e9s, qui m\u2019ont dit l\u2019avoir crois\u00e9 avec une femme. \u2018Blonde et fran\u00e7aise\u2019, m\u2019ont-ils pr\u00e9cis\u00e9. Je ne voulais pas y croire. J\u2019ai essay\u00e9 de le joindre, mais il m\u2019a simplement envoy\u00e9 un message tr\u00e8s dur sur WhatsApp : \u2018L\u00e2che-moi, laisse-moi tranquille\u2019, se souvenait-elle. Trahie et bless\u00e9e, Luana a eu beaucoup de mal \u00e0 se relever. Aujourd\u2019hui, elle semble avoir tourn\u00e9 la page, apais\u00e9e et \u00e9panouie, comme en t\u00e9moigne sa publication Instagram mise en ligne ce samedi 19 juillet, o\u00f9 elle fait subtilement allusion \u00e0 cette p\u00e9riode difficile qu\u2019elle vient de traverser.<\/p>\n<p>                        \u201cQu\u2019est-ce que tu as pris ?\u201d : Luana Belmondo r\u00e9pond \u00e0 ceux qui la questionnent sur son changement<\/p>\n<p>Si <a href=\"https:\/\/www.programme-tv.net\/news\/people\/379287-mon-ego-en-a-pris-un-coup-paul-belmondo-revient-sur-son-divorce-avec-luana-belmondo-qu-il-a-mal-vecu\/\" data-api-deeplink=\"teleloisirs:\/\/news\/379287\" target=\"_blank\" rel=\"noopener\">Paul Belmondo a r\u00e9cemment pris la parole pour parler de son divorce<\/a>, Luana Belmondo a, elle aussi, choisi de s\u2019exprimer, afin de montrer qu\u2019elle va beaucoup mieux. Ce samedi 19 juillet, la cuisini\u00e8re originaire de Rome a publi\u00e9 une photo la d\u00e9voilant rayonnante et en plein fou rire sur son compte Instagram. Elle a accompagn\u00e9 ce joli clich\u00e9 d\u2019une l\u00e9gende charg\u00e9e de sens. \u00ab\u00a0\u2018Tu as tellement chang\u00e9\u2026 Qu\u2019est-ce que tu as pris ?\u2019, \u2018des d\u00e9cisions\u2019\u00a0\u00bb, \u00e9crit-elle. M\u00eame si elle n\u2019a pas explicitement pr\u00e9cis\u00e9 qu\u2019elle parlait de son divorce, on comprend n\u00e9anmoins qu\u2019elle r\u00e9pond \u00e0 tous ceux qui s\u2019\u00e9tonnent de sa transformation depuis sa s\u00e9paration. Elle a conclu en adressant un message bienveillant \u00e0 ses fans. \u00ab\u00a0On est notre meilleur alli\u00e9. Faites-vous confiance. Ne vous oubliez jamais.\u00a0\u00bb Bien dit !<\/p>\n<p>            Qui sont les enfants de Paul et Luana Belmondo ?<\/p>\n<p>Paul et Luana s\u2019\u00e9taient unis en 1990. Au cours de ces trente ann\u00e9es de vie commune, ils ont eu trois fils. L\u2019a\u00een\u00e9, Alessandro, n\u00e9 en 1991, a choisi de faire carri\u00e8re dans la cuisine : il a ouvert un restaurant \u00e0 Paris et est devenu papa d\u2019un petit gar\u00e7on. Leur deuxi\u00e8me fils, Victor, \u00e2g\u00e9 de 31 ans, a choisi de suivre les traces de son p\u00e8re et de son grand-p\u00e8re en optant pour une carri\u00e8re d\u2019acteur. Quant au cadet, Giacomo, n\u00e9 en 1998, passionn\u00e9 de musique, il pr\u00e9f\u00e8re rester discret.<\/p>\n<blockquote class=\"instagram-media\" data-instgrm-captioned=\"\" data-instgrm-permalink=\"https:\/\/www.instagram.com\/p\/DMSKlsxsEYF\/?utm_source=ig_embed&amp;utm_campaign=loading\" data-instgrm-version=\"14\" style=\" background:#FFF; border:0; border-radius:3px; box-shadow:0 0 1px 0 rgba(0,0,0,0.5),0 1px 10px 0 rgba(0,0,0,0.15); margin: 1px; max-width:658px; min-width:326px; padding:0; width:99.375%; width:-webkit-calc(100% - 2px); width:calc(100% - 2px);\"\/>\n<p>        <script async src=\"\/\/www.instagram.com\/embed.js\"><\/script><\/p>\n","protected":false},"excerpt":{"rendered":"Un an apr\u00e8s sa s\u00e9paration avec Paul Belmondo, Luana remonte doucement la pente. Plut\u00f4t discr\u00e8te sur cet \u00e9v\u00e9nement&hellip;\n","protected":false},"author":2,"featured_media":261976,"comment_status":"","ping_status":"","sticky":false,"template":"","format":"standard","meta":{"footnotes":""},"categories":[1359],"tags":[244,58,7681,59,1011,27,23633,23632,973,2175],"class_list":{"0":"post-261975","1":"post","2":"type-post","3":"status-publish","4":"format-standard","5":"has-post-thumbnail","7":"category-people","8":"tag-commentaire","9":"tag-divertissement","10":"tag-divorce","11":"tag-entertainment","12":"tag-fr","13":"tag-france","14":"tag-luana-belmondo","15":"tag-paul-belmondo","16":"tag-people","17":"tag-tl-story"},"share_on_mastodon":{"url":"https:\/\/pubeurope.com\/@fr\/114887755279284823","error":""},"_links":{"self":[{"href":"https:\/\/www.europesays.com\/fr\/wp-json\/wp\/v2\/posts\/261975","targetHints":{"allow":["GET"]}}],"collection":[{"href":"https:\/\/www.europesays.com\/fr\/wp-json\/wp\/v2\/posts"}],"about":[{"href":"https:\/\/www.europesays.com\/fr\/wp-json\/wp\/v2\/types\/post"}],"author":[{"embeddable":true,"href":"https:\/\/www.europesays.com\/fr\/wp-json\/wp\/v2\/users\/2"}],"replies":[{"embeddable":true,"href":"https:\/\/www.europesays.com\/fr\/wp-json\/wp\/v2\/comments?post=261975"}],"version-history":[{"count":0,"href":"https:\/\/www.europesays.com\/fr\/wp-json\/wp\/v2\/posts\/261975\/revisions"}],"wp:featuredmedia":[{"embeddable":true,"href":"https:\/\/www.europesays.com\/fr\/wp-json\/wp\/v2\/media\/261976"}],"wp:attachment":[{"href":"https:\/\/www.europesays.com\/fr\/wp-json\/wp\/v2\/media?parent=261975"}],"wp:term":[{"taxonomy":"category","embeddable":true,"href":"https:\/\/www.europesays.com\/fr\/wp-json\/wp\/v2\/categories?post=261975"},{"taxonomy":"post_tag","embeddable":true,"href":"https:\/\/www.europesays.com\/fr\/wp-json\/wp\/v2\/tags?post=261975"}],"curies":[{"name":"wp","href":"https:\/\/api.w.org\/{rel}","templated":true}]}}