{"id":261980,"date":"2025-07-20T21:48:18","date_gmt":"2025-07-20T21:48:18","guid":{"rendered":"https:\/\/www.europesays.com\/fr\/261980\/"},"modified":"2025-07-20T21:48:18","modified_gmt":"2025-07-20T21:48:18","slug":"cette-serie-deconseillee-aux-moins-de-16-ans-sinstalle-dans-le-top","status":"publish","type":"post","link":"https:\/\/www.europesays.com\/fr\/261980\/","title":{"rendered":"Cette s\u00e9rie d\u00e9conseill\u00e9e aux moins de 16 ans s\u2019installe dans le top !"},"content":{"rendered":"<p>Mise en ligne sur Netflix il y a seulement deux jours, cette s\u00e9rie, venue de Colombie et d\u00e9conseill\u00e9e aux moins de 16 ans, a d\u00e9j\u00e0 int\u00e9gr\u00e9 le classement des productions les plus visionn\u00e9es en France sur la plateforme de streaming. Au bout de 48 heures, elle est \u00e0 la cinqui\u00e8me place du top 10 du g\u00e9ant de la SVOD.<\/p>\n<p>Le mois de juillet n&rsquo;est pas encore termin\u00e9 que Netflix a d\u00e9j\u00e0 propos\u00e9 bon nombre de nouveaut\u00e9s dans son catalogue. D&rsquo;ailleurs, <a href=\"https:\/\/www.programme-tv.net\/news\/series-tv\/301163-les-20-meilleures-series-netflix-a-voir-absolument\/\" data-api-deeplink=\"teleloisirs:\/\/news\/301163\" target=\"_blank\" rel=\"noopener\">T\u00e9l\u00e9-Loisirs a list\u00e9 les 20 meilleures s\u00e9ries \u00e0 voir ce mois-ci<\/a>, ainsi que<a href=\"https:\/\/www.programme-tv.net\/news\/cinema\/208247-notre-top-10-des-meilleurs-films-netflix\/\" data-api-deeplink=\"teleloisirs:\/\/news\/208247\" target=\"_blank\" rel=\"noopener\"> les 20 meilleurs films \u00e0 ne pas louper pour ce premier mois de l&rsquo;\u00e9t\u00e9<\/a>.<b> <\/b>Parmi les nouveaut\u00e9s ajout\u00e9es r\u00e9cemment, il y a <b>la s\u00e9rie colombienne <\/b><b>Delirio<\/b><b>.<\/b> Mise en ligne ce vendredi 18 juillet 2025, elle a d\u00e9j\u00e0 int\u00e9gr\u00e9 le classement tant convoit\u00e9 des s\u00e9ries les plus regard\u00e9es sur la plateforme de streaming. \u00c0 ce jour, Delirio est \u00e0 la cinqui\u00e8me place du top 10 Netflix France derri\u00e8re la troisi\u00e8me saison de Squid Game, Amy Bradley : la passag\u00e8re disparue, <a href=\"https:\/\/www.programme-tv.net\/news\/series-tv\/380812-soleil-noir-c-est-quoi-cette-saga-d-ete-de-netflix-avec-isabelle-adjani\/\" data-api-deeplink=\"teleloisirs:\/\/news\/380812\" target=\"_blank\" rel=\"noopener\">Soleil noir qui a rencontr\u00e9 un immense succ\u00e8s<\/a> et Une nature sauvage qui occupe la premi\u00e8re place du classement.<\/p>\n<p>                        De quoi parle Delirio sur Netflix ?<\/p>\n<p>Cette nouvelle production du g\u00e9ant de la SVOD suit Fernando Aguilar, un professeur de litt\u00e9rature qui revient chez lui apr\u00e8s avoir voyag\u00e9 \u00e0 Bogot\u00e1 dans le cadre de son travail. <b>Une fois rentr\u00e9, il d\u00e9couvre sa femme, Agustina, en plein d\u00e9lire.<\/b> L&rsquo;\u00e9tat de cette derni\u00e8re est tr\u00e8s inqui\u00e9tant puisque Fernando ne reconna\u00eet pas son \u00e9pouse. Mais pour lui, hors de question de l&rsquo;abandonner et de ne pas comprendre ce qui lui est arriv\u00e9 en son absence. Fernando se met alors \u00e0 faire des recherches pour d\u00e9couvrir ce qui a bien pu causer cet \u00e9tat de d\u00e9lire avanc\u00e9 chez Agustina. Lors de ses investigations, Fernando va d\u00e9terrer des secrets de famille qui sont enfouis depuis des g\u00e9n\u00e9rations, mais aussi des traumatismes d\u2019enfance et des liens entre sa vie et la politique de son pays.<\/p>\n<p>            Delirio, une adaptation d&rsquo;un roman \u00e0 succ\u00e8s<\/p>\n<p>Delirio est l&rsquo;adaptation du roman du m\u00eame nom de Laura Restrepo, publi\u00e9 en 2004.<b> <\/b>Un livre qui a rencontr\u00e9 un franc succ\u00e8s, puisqu&rsquo;il a remport\u00e9 deux prix litt\u00e9raires : le Prix Alfaguara en 2004 et le Prix Grinzane Cavour en 2006. C&rsquo;est d\u00e9j\u00e0 la deuxi\u00e8me \u0153uvre litt\u00e9raire colombienne qui est adapt\u00e9e par Netflix. Avant Delirio, c&rsquo;est Cent ans de solitude, le chef-d&rsquo;oeuvre de Gabriel Garcia Marquez, qui a fait le bonheur des abonn\u00e9s de la plateforme de streaming.<\/p>\n<p>Article \u00e9crit avec la collaboration de 6m\u00e9dias.<\/p>\n","protected":false},"excerpt":{"rendered":"Mise en ligne sur Netflix il y a seulement deux jours, cette s\u00e9rie, venue de Colombie et d\u00e9conseill\u00e9e&hellip;\n","protected":false},"author":2,"featured_media":261981,"comment_status":"","ping_status":"","sticky":false,"template":"","format":"standard","meta":{"footnotes":""},"categories":[1356],"tags":[2083,244,40183,40182,40181,58,59,1011,27,127,1722,129,252,1364],"class_list":{"0":"post-261980","1":"post","2":"type-post","3":"status-publish","4":"format-standard","5":"has-post-thumbnail","7":"category-television","8":"tag-bandes-annonces","9":"tag-commentaire","10":"tag-delirio","11":"tag-delirio-saison-1-52190123","12":"tag-delirio-su00e9rie-52190122","13":"tag-divertissement","14":"tag-entertainment","15":"tag-fr","16":"tag-france","17":"tag-netflix","18":"tag-pub-streaming-netflix","19":"tag-svod","20":"tag-television","21":"tag-tv"},"share_on_mastodon":{"url":"https:\/\/pubeurope.com\/@fr\/114887767649052848","error":""},"_links":{"self":[{"href":"https:\/\/www.europesays.com\/fr\/wp-json\/wp\/v2\/posts\/261980","targetHints":{"allow":["GET"]}}],"collection":[{"href":"https:\/\/www.europesays.com\/fr\/wp-json\/wp\/v2\/posts"}],"about":[{"href":"https:\/\/www.europesays.com\/fr\/wp-json\/wp\/v2\/types\/post"}],"author":[{"embeddable":true,"href":"https:\/\/www.europesays.com\/fr\/wp-json\/wp\/v2\/users\/2"}],"replies":[{"embeddable":true,"href":"https:\/\/www.europesays.com\/fr\/wp-json\/wp\/v2\/comments?post=261980"}],"version-history":[{"count":0,"href":"https:\/\/www.europesays.com\/fr\/wp-json\/wp\/v2\/posts\/261980\/revisions"}],"wp:featuredmedia":[{"embeddable":true,"href":"https:\/\/www.europesays.com\/fr\/wp-json\/wp\/v2\/media\/261981"}],"wp:attachment":[{"href":"https:\/\/www.europesays.com\/fr\/wp-json\/wp\/v2\/media?parent=261980"}],"wp:term":[{"taxonomy":"category","embeddable":true,"href":"https:\/\/www.europesays.com\/fr\/wp-json\/wp\/v2\/categories?post=261980"},{"taxonomy":"post_tag","embeddable":true,"href":"https:\/\/www.europesays.com\/fr\/wp-json\/wp\/v2\/tags?post=261980"}],"curies":[{"name":"wp","href":"https:\/\/api.w.org\/{rel}","templated":true}]}}