{"id":261989,"date":"2025-07-20T21:54:12","date_gmt":"2025-07-20T21:54:12","guid":{"rendered":"https:\/\/www.europesays.com\/fr\/261989\/"},"modified":"2025-07-20T21:54:12","modified_gmt":"2025-07-20T21:54:12","slug":"nous-abordons-lavenir-avec-serenite-apres-une-annee-compliquee-les-vieilles-charrues-renouent-avec-lequilibre-financier","status":"publish","type":"post","link":"https:\/\/www.europesays.com\/fr\/261989\/","title":{"rendered":"\u00ab\u00a0Nous abordons l\u2019avenir avec s\u00e9r\u00e9nit\u00e9\u00a0\u00bb\u00a0: apr\u00e8s une ann\u00e9e compliqu\u00e9e, les Vieilles Charrues renouent avec l\u2019\u00e9quilibre financier"},"content":{"rendered":"<p>Apr\u00e8s une longue plong\u00e9e en apn\u00e9e, les organisateurs des Vieilles Charrues peuvent enfin respirer. L\u2019\u00e9dition 2025 du festival, qui s\u2019est d\u00e9roul\u00e9e du 17 au 20 juillet sur le site de Kerampuilh, \u00e0 Carhaix (29), est un succ\u00e8s. Au total, l\u2019\u00e9v\u00e9nement a accueilli 264\u00a0000 festivaliers, dont 220\u00a0000 entr\u00e9es payantes. <a href=\"https:\/\/www.letelegramme.fr\/finistere\/carhaix-29270\/vieilles-charrues-2024-moins-de-monde-et-un-million-deuros-de-deficit-6626357.php\" target=\"_blank\" rel=\"noopener\">Soit 14\u00a0000 personnes de plus qu\u2019en 2024<\/a>. \u00ab\u00a0Nous sommes tr\u00e8s heureux, confesse J\u00e9r\u00f4me Tr\u00e9horel, directeur g\u00e9n\u00e9ral des Vieilles Charrues. C\u2019est une marque de reconnaissance de la part des festivaliers. Cela nous donne de la force pour continuer \u00e0 am\u00e9liorer les conditions d\u2019accueil et l\u2019exp\u00e9rience sur le festival.\u00a0\u00bb Apr\u00e8s une ann\u00e9e 2024 compliqu\u00e9e, car marqu\u00e9e par des conflits avec la municipalit\u00e9 de Carhaix, les organisateurs abordent le futur avec confiance\u00a0: \u00ab\u00a0Notre \u00e9tat d\u2019esprit envers l\u2019avenir est beaucoup plus serein aujourd\u2019hui, confirme J\u00e9r\u00f4me Tr\u00e9horel. Voir le public fouler la prairie de Kerampuilh nous a mis du baume au c\u0153ur. Leurs sourires et leurs remerciements aussi. Ils ont suivi l\u2019actualit\u00e9 des Charrues, ils savent que \u00e7a n\u2019a pas \u00e9t\u00e9 simple\u2026 Mais ils nous ont encourag\u00e9s \u00e0 continuer, tout comme les artistes\u00a0\u00bb.<\/p>\n<p><img decoding=\"async\" src=\"https:\/\/www.europesays.com\/fr\/wp-content\/uploads\/2025\/07\/687d3dbf3433a5807605b3ae.1.jpeg\" width=\"480\" height=\"300\" class=\"web_golden_m\" loading=\"lazy\" alt=\"La 33e \u00e9dition des Vieilles Charrues est \u00e0 l\u2019\u00e9quilibre financier apr\u00e8s une \u00e9dition 2024 d\u00e9ficitaire.\"\/>La 33e \u00e9dition des Vieilles Charrues est \u00e0 l\u2019\u00e9quilibre financier apr\u00e8s une \u00e9dition 2024 d\u00e9ficitaire. (Photo Vincent Le Guern)Une \u00e9dition qui a r\u00e9serv\u00e9 son lot de surprises<\/p>\n<p>Cette ann\u00e9e encore, l\u2019\u00e9quipe des Vieilles Charrues a d\u00fb g\u00e9rer son lot d\u2019impr\u00e9vus. \u00c0 commencer par la m\u00e9t\u00e9o\u00a0: \u00ab\u00a0On est pass\u00e9s de la chaleur aux pluies diluviennes, rappelle J\u00e9r\u00f4me Tr\u00e9horel. Heureusement, cela n\u2019a pas emp\u00each\u00e9 la magie d\u2019op\u00e9rer. Nous avons v\u00e9cu des moments de communion et de partage comme on ne peut en vivre qu\u2019aux Charrues\u00a0\u00bb. L\u2019\u00e9quipe a \u00e9galement d\u00fb g\u00e9rer un certain nombre de probl\u00e8mes techniques, dont celui d\u2019un poteau qui mena\u00e7ait de s\u2019effondrer au niveau des entr\u00e9es mauves, ce dimanche, suite aux rafales de vent de la soir\u00e9e. \u00ab\u00a0Heureusement, nous pouvons compter sur une \u00e9quipe en or\u00a0\u00bb, s\u2019est f\u00e9licit\u00e9 Jean-Luc Martin, pr\u00e9sident des Vieilles Charrues.<\/p>\n<p>Une programmation qui a rempli ses promesses<\/p>\n<p>De leur c\u00f4t\u00e9, Jeanne Rucet et Jean-Jacques Toux, co-programmateurs du festival, sont, eux aussi, tr\u00e8s satisfaits du retour du public. \u00ab\u00a0Il n\u2019y a pas de d\u00e9ception, ce qui est une chance, indique Jeanne Rucet. On a v\u00e9cu des concerts incroyables.\u00a0\u00bb La programmatrice salue en particulier la performance, samedi, du groupe Fleuves\u00a0: \u00ab\u00a0C\u2019est un moment qu\u2019on avait imagin\u00e9 avec eux. C\u2019\u00e9tait un petit pari. Et c\u2019est un pari r\u00e9ussi. Personnellement, je me suis pris une bouff\u00e9e d\u2019\u00e9motions quand j\u2019ai vu tous les festivaliers danser. Ce genre de moments, ce sont des moments qu\u2019on ne vit qu\u2019une fois\u00a0\u00bb. Outre ses \u00ab\u00a0chouchous\u00a0\u00bb, Viagra Boys, The Kills et Lambrini Girls, Jean-Jacques Toux f\u00e9licite les laur\u00e9ats du Label Charrues\u00a0: \u00ab\u00a0Je suis tr\u00e8s fier de Fallen Alien et Horizontal Francis\u00a0\u00bb.<\/p>\n<p>Le Breton se f\u00e9licite \u00e9galement de n\u2019avoir essuy\u00e9 aucune annulation. \u00ab\u00a0Tous les artistes sont venus, ce qui est tr\u00e8s satisfaisant. Sur la programmation en elle-m\u00eame, on a vu passer beaucoup de commentaires\u2026 Mon sentiment, c\u2019est que le public a r\u00e9pondu pr\u00e9sent. Et c\u2019est la seule r\u00e9ponse qui compte.\u00a0\u00bb Un avis partag\u00e9 par Jean-Luc Martin\u00a0: \u00ab\u00a0Quand je vois le sourire que les festivaliers avaient hier sous la flotte, je sais pourquoi je suis b\u00e9n\u00e9vole des Charrues depuis 31 ans\u00a0\u00bb.<\/p>\n<p><img decoding=\"async\" src=\"https:\/\/www.europesays.com\/fr\/wp-content\/uploads\/2025\/07\/687d3dbf12fe2ca75100f10e.1.jpeg\" width=\"480\" height=\"300\" class=\"web_golden_m\" loading=\"lazy\" alt=\"La 33e \u00e9dition des Vieilles Charrues est \u00e0 l\u2019\u00e9quilibre financier apr\u00e8s une \u00e9dition 2024 d\u00e9ficitaire.\"\/>La 33e \u00e9dition des Vieilles Charrues est \u00e0 l\u2019\u00e9quilibre financier apr\u00e8s une \u00e9dition 2024 d\u00e9ficitaire. (Photo Nicolas Ollier)P\u00e9renniser le mod\u00e8le des festivals associatifs<\/p>\n<p>Cette 33e \u00e9dition des Vieilles Charrues aura par ailleurs \u00e9t\u00e9 marqu\u00e9e par la visite de la ministre de la Culture, Rachida Dati. L\u2019occasion pour J\u00e9r\u00f4me Tr\u00e9horel de rappeler que si l\u2019avenir des Vieilles Charrues est plus serein aujourd\u2019hui, le mod\u00e8le \u00e9conomique des festivals reste menac\u00e9. \u00ab\u00a0Aujourd\u2019hui, le statut de festival associatif est galvaud\u00e9. Certains se disent 100\u00a0% associatifs mais touchent des subventions. \u00c7a n\u2019a pas de sens.\u00a0\u00bb Ce dernier esp\u00e8re une prise de conscience de l\u2019ensemble des acteurs de l\u2019industrie musicale. \u00ab\u00a0Avoir un festival sur son territoire, c\u2019est un impact social, \u00e9conomique et d\u2019image. C\u2019est notre r\u00f4le, \u00e0 tous, de nous mobiliser pour que ces \u00e9v\u00e9nements perdurent et pour que la musique ne devienne pas un produit de luxe.\u00a0\u00bb<\/p>\n<p>Le chantier du futur Breizh Park<\/p>\n<p>L\u2019\u00e9dition 2025 a beau ne pas encore \u00eatre tout \u00e0 fait termin\u00e9e, les organisateurs des Vieilles Charrues se projettent d\u00e9j\u00e0 sur celle \u00e0 venir. La 34e \u00e9dition aura lieu du 16 au 19 juillet 2026. J\u00e9r\u00f4me Tr\u00e9horel esp\u00e8re que, d\u2019ici l\u00e0, <a href=\"https:\/\/www.letelegramme.fr\/finistere\/carhaix-29270\/apres-le-desaccord-sur-le-breizh-park-a-carhaix-les-discussions-reprennent-entre-elus-de-poher-communaute-6503228.php\" target=\"_blank\" rel=\"noopener\">les travaux du Breizh Park, un parc \u00e9v\u00e9nementiel<\/a> projet\u00e9 sur la plaine de Kerampuilh, auront commenc\u00e9. \u00ab\u00a0On veut engager les travaux de ce fameux Breizh Park qui nous permettra d\u2019envisager un avenir encore plus serein.\u00a0\u00bb<\/p>\n","protected":false},"excerpt":{"rendered":"Apr\u00e8s une longue plong\u00e9e en apn\u00e9e, les organisateurs des Vieilles Charrues peuvent enfin respirer. L\u2019\u00e9dition 2025 du festival,&hellip;\n","protected":false},"author":2,"featured_media":261990,"comment_status":"","ping_status":"","sticky":false,"template":"","format":"standard","meta":{"footnotes":""},"categories":[8],"tags":[11,829,5934,251,58,59,3321,1011,27,873,38885,35758],"class_list":{"0":"post-261989","1":"post","2":"type-post","3":"status-publish","4":"format-standard","5":"has-post-thumbnail","7":"category-divertissement","8":"tag-actualites","9":"tag-bretagne","10":"tag-carhaix-plouguer","11":"tag-culture","12":"tag-divertissement","13":"tag-entertainment","14":"tag-finistere","15":"tag-fr","16":"tag-france","17":"tag-musique","18":"tag-vieilles-charrues-2025","19":"tag-vieilles-charrues"},"share_on_mastodon":{"url":"https:\/\/pubeurope.com\/@fr\/114887790762471428","error":""},"_links":{"self":[{"href":"https:\/\/www.europesays.com\/fr\/wp-json\/wp\/v2\/posts\/261989","targetHints":{"allow":["GET"]}}],"collection":[{"href":"https:\/\/www.europesays.com\/fr\/wp-json\/wp\/v2\/posts"}],"about":[{"href":"https:\/\/www.europesays.com\/fr\/wp-json\/wp\/v2\/types\/post"}],"author":[{"embeddable":true,"href":"https:\/\/www.europesays.com\/fr\/wp-json\/wp\/v2\/users\/2"}],"replies":[{"embeddable":true,"href":"https:\/\/www.europesays.com\/fr\/wp-json\/wp\/v2\/comments?post=261989"}],"version-history":[{"count":0,"href":"https:\/\/www.europesays.com\/fr\/wp-json\/wp\/v2\/posts\/261989\/revisions"}],"wp:featuredmedia":[{"embeddable":true,"href":"https:\/\/www.europesays.com\/fr\/wp-json\/wp\/v2\/media\/261990"}],"wp:attachment":[{"href":"https:\/\/www.europesays.com\/fr\/wp-json\/wp\/v2\/media?parent=261989"}],"wp:term":[{"taxonomy":"category","embeddable":true,"href":"https:\/\/www.europesays.com\/fr\/wp-json\/wp\/v2\/categories?post=261989"},{"taxonomy":"post_tag","embeddable":true,"href":"https:\/\/www.europesays.com\/fr\/wp-json\/wp\/v2\/tags?post=261989"}],"curies":[{"name":"wp","href":"https:\/\/api.w.org\/{rel}","templated":true}]}}