{"id":26199,"date":"2025-04-15T08:38:11","date_gmt":"2025-04-15T08:38:11","guid":{"rendered":"https:\/\/www.europesays.com\/fr\/26199\/"},"modified":"2025-04-15T08:38:11","modified_gmt":"2025-04-15T08:38:11","slug":"saint-brieuc-la-demi-finale-du-championnat-de-france-de-gymnastique-rythmique-confiee-a-la-bretonne-gc","status":"publish","type":"post","link":"https:\/\/www.europesays.com\/fr\/26199\/","title":{"rendered":"Saint-Brieuc\u00a0: la demi-finale du championnat de France de gymnastique rythmique confi\u00e9e \u00e0 La Bretonne GC"},"content":{"rendered":"<p>La F\u00e9d\u00e9ration fran\u00e7aise de gymnastique a confi\u00e9 \u00e0 la Bretonne Gymnic Club l\u2019organisation de la demi-finale des ensembles (\u00e9quipes) du championnat de France de gymnastique rythmique entre le Centre-Val de Loire, Pays de la Loire et Bretagne, les 19 et 20 avril \u00e0 la salle Steredenn \u00e0 Ploufragan. \u00ab\u00a0Nous attendons 1\u00a0700 gymnastes. C\u2019est un plateau exceptionnel qui est propos\u00e9 en vue des s\u00e9lections pour les championnats de France de Reims et de Rennes\u00a0\u00bb, a \u00e9voqu\u00e9 Lo\u00efc Maurin, le pr\u00e9sident de la BGC.<\/p>\n<p>Huit ensembles en lice pour la Bretonne<\/p>\n<p>Les cat\u00e9gories concern\u00e9es sont les ensembles \u00e9lites, ceux du Troph\u00e9e f\u00e9d\u00e9ral A, B, et C. Les ensembles de la cat\u00e9gorie r\u00e9gionale A concourent pour le titre de champion de r\u00e9gion. \u00ab\u00a0Le club de la Bretonne pr\u00e9sentera huit ensembles, qui ont obtenu au mois de mars leur qualification au r\u00e9gional \u00e0 Brest avec huit podiums dont trois titres de championnes de Bretagne\u00a0\u00bb, a pr\u00e9cis\u00e9 Arina Savchenko, coach de la BGC. Le programme du week-end d\u00e9butera \u00e0 9\u00a0h\u00a030 avec un palmar\u00e8s en fin de matin\u00e9e. Le d\u00e9but de la comp\u00e9tition de l\u2019apr\u00e8s-midi est \u00e0 14\u00a0h\u00a045 avec un palmar\u00e8s \u00e0 20\u00a0h\u00a025 le samedi et 17\u00a0h\u00a040 le dimanche.<\/p>\n<p><b>Pratique<\/b><\/p>\n<p class=\"note\">Demi-finale du championnat de France de GR les 19 et 20 avril \u00e0 partir de 9\u00a0h\u00a030 \u00e0 la salle Steredenn. Tarifs\u00a0: 6 \u20ac le pass un jour, 5 \u20ac pour les licenci\u00e9s. 10 \u20ac pour les deux jours, 8 \u20ac pour les licenci\u00e9s. Gratuit pour les -12 ans. t\u00e9l. 06\u00a015\u00a024\u00a065\u00a018.<\/p>\n","protected":false},"excerpt":{"rendered":"La F\u00e9d\u00e9ration fran\u00e7aise de gymnastique a confi\u00e9 \u00e0 la Bretonne Gymnic Club l\u2019organisation de la demi-finale des ensembles&hellip;\n","protected":false},"author":2,"featured_media":26200,"comment_status":"","ping_status":"","sticky":false,"template":"","format":"standard","meta":{"footnotes":""},"categories":[4],"tags":[11,1011,27,9329,12,9328,25,4937],"class_list":{"0":"post-26199","1":"post","2":"type-post","3":"status-publish","4":"format-standard","5":"has-post-thumbnail","7":"category-france","8":"tag-actualites","9":"tag-fr","10":"tag-france","11":"tag-gymnastique-rythmique","12":"tag-news","13":"tag-ploufragan","14":"tag-republique-francaise","15":"tag-saint-brieuc"},"share_on_mastodon":{"url":"https:\/\/pubeurope.com\/@fr\/114341078787553271","error":""},"_links":{"self":[{"href":"https:\/\/www.europesays.com\/fr\/wp-json\/wp\/v2\/posts\/26199","targetHints":{"allow":["GET"]}}],"collection":[{"href":"https:\/\/www.europesays.com\/fr\/wp-json\/wp\/v2\/posts"}],"about":[{"href":"https:\/\/www.europesays.com\/fr\/wp-json\/wp\/v2\/types\/post"}],"author":[{"embeddable":true,"href":"https:\/\/www.europesays.com\/fr\/wp-json\/wp\/v2\/users\/2"}],"replies":[{"embeddable":true,"href":"https:\/\/www.europesays.com\/fr\/wp-json\/wp\/v2\/comments?post=26199"}],"version-history":[{"count":0,"href":"https:\/\/www.europesays.com\/fr\/wp-json\/wp\/v2\/posts\/26199\/revisions"}],"wp:featuredmedia":[{"embeddable":true,"href":"https:\/\/www.europesays.com\/fr\/wp-json\/wp\/v2\/media\/26200"}],"wp:attachment":[{"href":"https:\/\/www.europesays.com\/fr\/wp-json\/wp\/v2\/media?parent=26199"}],"wp:term":[{"taxonomy":"category","embeddable":true,"href":"https:\/\/www.europesays.com\/fr\/wp-json\/wp\/v2\/categories?post=26199"},{"taxonomy":"post_tag","embeddable":true,"href":"https:\/\/www.europesays.com\/fr\/wp-json\/wp\/v2\/tags?post=26199"}],"curies":[{"name":"wp","href":"https:\/\/api.w.org\/{rel}","templated":true}]}}