{"id":2620,"date":"2025-04-04T11:29:12","date_gmt":"2025-04-04T11:29:12","guid":{"rendered":"https:\/\/www.europesays.com\/fr\/2620\/"},"modified":"2025-04-04T11:29:12","modified_gmt":"2025-04-04T11:29:12","slug":"video-espagne-50-kg-de-cocaine-a-destination-du-royaume-uni-saisis","status":"publish","type":"post","link":"https:\/\/www.europesays.com\/fr\/2620\/","title":{"rendered":"Vid\u00e9o. Espagne : 50 kg de coca\u00efne \u00e0 destination du Royaume-Uni saisis"},"content":{"rendered":"<p>La police espagnole a intercept\u00e9 plus de 50 kg de coca\u00efne dissimul\u00e9s dans un camion qui devait se rendre au Royaume-Uni, a annonc\u00e9 jeudi la police nationale de Madrid. Cette saisie, estim\u00e9e \u00e0 1,5 million d\u2019euros, a conduit \u00e0 l\u2019arrestation de quatre membres cl\u00e9s d\u2019un r\u00e9seau criminel sp\u00e9cialis\u00e9 dans le trafic de drogue \u00e0 l\u2019\u00e9chelle europ\u00e9enne.<\/p>\n<p>L\u2019enqu\u00eate a d\u00e9but\u00e9 apr\u00e8s l\u2019identification d\u2019un camion fr\u00e9quentant une zone industrielle \u00e0 M\u00f3stoles (\u00e0 17km de Madrid), o\u00f9 la bande aurait entrepos\u00e9 les substances illicites. Apr\u00e8s plusieurs jours de surveillance, les forces de l\u2019ordre ont mis en place un contr\u00f4le routier sur son itin\u00e9raire. Lors d\u2019une pause sur une aire de repos, le v\u00e9hicule a \u00e9t\u00e9 fouill\u00e9, r\u00e9v\u00e9lant la cachette de la drogue. Trois suspects ont \u00e9t\u00e9 imm\u00e9diatement arr\u00eat\u00e9s.<\/p>\n<p>Le lendemain, un quatri\u00e8me individu, propri\u00e9taire des entrep\u00f4ts utilis\u00e9s pour le stockage, a \u00e9galement \u00e9t\u00e9 interpell\u00e9. Selon les autorit\u00e9s, ces arrestations ont permis de d\u00e9manteler un important centre op\u00e9rationnel de l\u2019organisation criminelle, portant un coup dur au trafic de drogue international.<\/p>\n","protected":false},"excerpt":{"rendered":"La police espagnole a intercept\u00e9 plus de 50 kg de coca\u00efne dissimul\u00e9s dans un camion qui devait se&hellip;\n","protected":false},"author":2,"featured_media":2621,"comment_status":"","ping_status":"","sticky":false,"template":"","format":"standard","meta":{"footnotes":""},"categories":[1588],"tags":[1948,1952,1956,11,1777,674,12,473,1853,1957,1953,1949,1955,1951,1959,1851,1850,1852,1954,1950,1958],"class_list":{"0":"post-2620","1":"post","2":"type-post","3":"status-publish","4":"format-standard","5":"has-post-thumbnail","7":"category-royaume-uni","8":"tag-id7800","9":"tag-id7809","10":"tag-id9515","11":"tag-actualites","12":"tag-eu","13":"tag-europe","14":"tag-news","15":"tag-royaume-uni","16":"tag-royaume-uni-de-grande-bretagne-et-dirlande-du-nord","17":"tag-slugdrug-trafficking","18":"tag-slugspain","19":"tag-slugunited-kingdom","20":"tag-titleespagne","21":"tag-titleroyaume-uni","22":"tag-titletrafic-de-drogue","23":"tag-uk","24":"tag-united-kingdom","25":"tag-united-kingdom-of-great-britain-and-northern-ireland","26":"tag-urlsafevalueespagne","27":"tag-urlsafevalueroyaume-uni","28":"tag-urlsafevaluetrafic-de-drogue"},"share_on_mastodon":{"url":"https:\/\/pubeurope.com\/@fr\/114279465844275597","error":""},"_links":{"self":[{"href":"https:\/\/www.europesays.com\/fr\/wp-json\/wp\/v2\/posts\/2620","targetHints":{"allow":["GET"]}}],"collection":[{"href":"https:\/\/www.europesays.com\/fr\/wp-json\/wp\/v2\/posts"}],"about":[{"href":"https:\/\/www.europesays.com\/fr\/wp-json\/wp\/v2\/types\/post"}],"author":[{"embeddable":true,"href":"https:\/\/www.europesays.com\/fr\/wp-json\/wp\/v2\/users\/2"}],"replies":[{"embeddable":true,"href":"https:\/\/www.europesays.com\/fr\/wp-json\/wp\/v2\/comments?post=2620"}],"version-history":[{"count":0,"href":"https:\/\/www.europesays.com\/fr\/wp-json\/wp\/v2\/posts\/2620\/revisions"}],"wp:featuredmedia":[{"embeddable":true,"href":"https:\/\/www.europesays.com\/fr\/wp-json\/wp\/v2\/media\/2621"}],"wp:attachment":[{"href":"https:\/\/www.europesays.com\/fr\/wp-json\/wp\/v2\/media?parent=2620"}],"wp:term":[{"taxonomy":"category","embeddable":true,"href":"https:\/\/www.europesays.com\/fr\/wp-json\/wp\/v2\/categories?post=2620"},{"taxonomy":"post_tag","embeddable":true,"href":"https:\/\/www.europesays.com\/fr\/wp-json\/wp\/v2\/tags?post=2620"}],"curies":[{"name":"wp","href":"https:\/\/api.w.org\/{rel}","templated":true}]}}