{"id":262009,"date":"2025-07-20T22:09:20","date_gmt":"2025-07-20T22:09:20","guid":{"rendered":"https:\/\/www.europesays.com\/fr\/262009\/"},"modified":"2025-07-20T22:09:20","modified_gmt":"2025-07-20T22:09:20","slug":"tour-de-france-2025-16e-etape-le-profil-de-letape-montpellier-mont-ventoux-sport","status":"publish","type":"post","link":"https:\/\/www.europesays.com\/fr\/262009\/","title":{"rendered":"Tour de France 2025 &#8211; 16e \u00e9tape. Le profil de l\u2019\u00e9tape Montpellier &#8211; Mont Ventoux . Sport"},"content":{"rendered":"<p>La 16e \u00e9tape du Tour de France 2025 aura des allures de pi\u00e8ge\u2026 Au d\u00e9part de Montpellier, \u00e0 67\u00a0m\u00e8tres altitude, 149\u00a0kilom\u00e8tres de plaine. Puis, \u00e0 partir de B\u00e9doin (289\u00a0m) les pentes du Mont Ventoux qui se dressent. Elles m\u00e8neront les coureurs \u00e0 1910 m\u00e8tres d\u2019altitude, 22,5\u00a0km plus loin, au sommet du G\u00e9ant de Provence. Il est class\u00e9 hors cat\u00e9gorie au classement de la montagne, avec <a href=\"https:\/\/nimes.maville.com\/sport\/detail_--cyclisme.-miguel-angel-lopez-s-offre-le-mont-ventoux-denivele-challenge-_54135-4670690_actu.Htm\" target=\"_self\" rel=\"noopener\">ses 15,7 kilom\u00e8tres d\u2019ascension, avec 8,8\u00a0% de pente de moyenne.<\/a><\/p>\n<p>Avant les pentes du Ventoux, le peloton pourrait avoir \u00e0 g\u00e9rer la chaleur, possible invit\u00e9e des 150\u00a0bornes sur le plat entre H\u00e9rault, Gard et Vaucluse. C\u2019est d\u2019ailleurs en entrant dans ce d\u00e9partement que les coureurs disputeront le premier et seul sprint bonification du jour, \u00e0 Ch\u00e2teauneuf-du-Pape, o\u00f9 les efforts ne seront pas vains (km 112,4). Le vent pourrait aussi jouer un r\u00f4le. Mais c\u2019est bien en altitude que tout se jouera\u2026<\/p>\n<p>Difficult\u00e9\u00a0: 4\/5<\/p>\n<p>\t<img decoding=\"async\" src=\"https:\/\/www.europesays.com\/fr\/wp-content\/uploads\/2025\/07\/P35365982D6907355G_px_640_.jpg\" alt=\"photo la 16e \u00e9tape arrive au mont ventoux.  \u00a9  aso\" width=\"640\" title=\" La 16e \u00e9tape arrive au Mont Ventoux.   ASO \"\/><\/p>\n<p class=\"elmt-legende\"> La 16e \u00e9tape arrive au Mont Ventoux.   ASO <\/p>\n<p>Avec ce profil atypique, propice \u00e0 une \u00e9chapp\u00e9e initiale avant la lutte des cadors, cette 16e \u00e9tape sera int\u00e9ressante \u00e0 suivre\u00a0! Les coureurs devront dig\u00e9rer le changement de braquet et de rythme, apr\u00e8s 4\u00a0heures de plat men\u00e9es \u00e0 vive allure.<\/p>\n<p>Ils retrouveront des lieux entr\u00e9s dans la l\u00e9gende du Tour, comme le Chalet Reynard, et des terrains marqu\u00e9s par l\u2019arriv\u00e9e \u00e9pique de 2016. Cette ann\u00e9e-l\u00e0, au terme d\u2019une \u00e9tape partie l\u00e0 aussi de Montpellier, Chris Froome avait momentan\u00e9ment abandonn\u00e9 son v\u00e9lo et couru parmi la foule. Thomas De Gendt s\u2019\u00e9tait pour sa part impos\u00e9 en rescap\u00e9 d\u2019une \u00e9chapp\u00e9e, alors que les organisateurs avaient d\u00fb d\u00e9placer l\u2019arriv\u00e9e, du fait de vents violents.<\/p>\n<p>Le Tour avait escalad\u00e9 \u00e0 deux reprises le Ventoux en 2021 lors de la m\u00eame \u00e9tape, mais l\u2019arriv\u00e9e \u00e9tait jug\u00e9e en bas de la descente, \u00e0 Malauc\u00e8ne. Wout Van Aert s\u2019y \u00e9tait impos\u00e9.<\/p>\n<p>\u00a0<\/p>\n","protected":false},"excerpt":{"rendered":"La 16e \u00e9tape du Tour de France 2025 aura des allures de pi\u00e8ge\u2026 Au d\u00e9part de Montpellier, \u00e0&hellip;\n","protected":false},"author":2,"featured_media":262010,"comment_status":"","ping_status":"","sticky":false,"template":"","format":"standard","meta":{"footnotes":""},"categories":[9599],"tags":[1111,11,3809,1465,1777,674,63,1011,27,1792,1922,2208,12,2680,25,479,3272,517,1470],"class_list":{"0":"post-262009","1":"post","2":"type-post","3":"status-publish","4":"format-standard","5":"has-post-thumbnail","7":"category-montpellier","8":"tag-actu","9":"tag-actualites","10":"tag-ball","11":"tag-basket","12":"tag-eu","13":"tag-europe","14":"tag-football","15":"tag-fr","16":"tag-france","17":"tag-handball","18":"tag-info","19":"tag-montpellier","20":"tag-news","21":"tag-occitanie","22":"tag-republique-francaise","23":"tag-rugby","24":"tag-saint-nazaire","25":"tag-sport","26":"tag-volley"},"share_on_mastodon":{"url":"https:\/\/pubeurope.com\/@fr\/114887849632995792","error":""},"_links":{"self":[{"href":"https:\/\/www.europesays.com\/fr\/wp-json\/wp\/v2\/posts\/262009","targetHints":{"allow":["GET"]}}],"collection":[{"href":"https:\/\/www.europesays.com\/fr\/wp-json\/wp\/v2\/posts"}],"about":[{"href":"https:\/\/www.europesays.com\/fr\/wp-json\/wp\/v2\/types\/post"}],"author":[{"embeddable":true,"href":"https:\/\/www.europesays.com\/fr\/wp-json\/wp\/v2\/users\/2"}],"replies":[{"embeddable":true,"href":"https:\/\/www.europesays.com\/fr\/wp-json\/wp\/v2\/comments?post=262009"}],"version-history":[{"count":0,"href":"https:\/\/www.europesays.com\/fr\/wp-json\/wp\/v2\/posts\/262009\/revisions"}],"wp:featuredmedia":[{"embeddable":true,"href":"https:\/\/www.europesays.com\/fr\/wp-json\/wp\/v2\/media\/262010"}],"wp:attachment":[{"href":"https:\/\/www.europesays.com\/fr\/wp-json\/wp\/v2\/media?parent=262009"}],"wp:term":[{"taxonomy":"category","embeddable":true,"href":"https:\/\/www.europesays.com\/fr\/wp-json\/wp\/v2\/categories?post=262009"},{"taxonomy":"post_tag","embeddable":true,"href":"https:\/\/www.europesays.com\/fr\/wp-json\/wp\/v2\/tags?post=262009"}],"curies":[{"name":"wp","href":"https:\/\/api.w.org\/{rel}","templated":true}]}}