{"id":262013,"date":"2025-07-20T22:13:12","date_gmt":"2025-07-20T22:13:12","guid":{"rendered":"https:\/\/www.europesays.com\/fr\/262013\/"},"modified":"2025-07-20T22:13:12","modified_gmt":"2025-07-20T22:13:12","slug":"ces-quartiers-de-lagglomeration-grenobloise-en-guerre-contre-les-dealers","status":"publish","type":"post","link":"https:\/\/www.europesays.com\/fr\/262013\/","title":{"rendered":"ces quartiers de l&rsquo;agglom\u00e9ration grenobloise en guerre contre les dealers"},"content":{"rendered":"<p>Partir d\u2019un lucide constat d\u2019\u00e9chec et tenter de trouver des solutions pour sortir de l\u2019emprise du narcotrafic\u00a0: c\u2019est la d\u00e9marche volontariste qu\u2019ont initi\u00e9e certains acteurs de l\u2019agglom\u00e9ration grenobloise en collaboration avec les responsables d\u00e9partementaux de la police nationale au cours des derniers mois.<\/p>\n<p>\u00ab\u00a0Ce qui marche, ce ne sont pas les mots, mais les actions concr\u00e8tes\u00a0\u00bb<\/p>\n<p>\u00c0 \u00c9chirolles, <a href=\"https:\/\/www.ledauphine.com\/d\/le-carrare-une-copropriete-en-plein-centre-d-echirolles-gangrenee-par-le-trafic-de-drogues-eea0a48d-8799-482f-9d55-a6b5da069e26\" target=\"_blank\" rel=\"noopener\">la copropri\u00e9t\u00e9 Le Carrare<\/a>, devenue au fil du temps une citadelle du trafic de stup\u00e9fiants, a fait l\u2019objet, en septembre\u00a02024, de <a href=\"https:\/\/www.ledauphine.com\/faits-divers-justice\/2024\/09\/24\/exposes-a-un-danger-de-mort-permanent-les-occupants-de-l-immeuble-le-carrare-doivent-evacuer-les-lieux\" target=\"_blank\" rel=\"noopener\">deux arr\u00eat\u00e9s municipaux<\/a> de mise en s\u00e9curit\u00e9 et d\u2019\u00e9vacuation qui ont ainsi mis fin \u00e0 l\u2019existence du point de deal qui s\u2019y trouvait.<\/p>\n<p>\u00c0 Grenoble, un <a href=\"https:\/\/www.ledauphine.com\/faits-divers-justice\/2025\/02\/07\/isere-grenoble-place-saint-bruno-un-commissariat-mobile-installe-pour-plusieurs-semaines\" target=\"_blank\" rel=\"noopener\"> commissariat mobile<\/a> a \u00e9t\u00e9 implant\u00e9 place Saint-Bruno en&#8230;<\/p>\n","protected":false},"excerpt":{"rendered":"Partir d\u2019un lucide constat d\u2019\u00e9chec et tenter de trouver des solutions pour sortir de l\u2019emprise du narcotrafic\u00a0: c\u2019est&hellip;\n","protected":false},"author":2,"featured_media":262014,"comment_status":"","ping_status":"","sticky":false,"template":"","format":"standard","meta":{"footnotes":""},"categories":[9566],"tags":[1111,11,2430,271,272,9852,112,1777,674,274,107,9592,1011,27,2731,2732,108,12,25],"class_list":{"0":"post-262013","1":"post","2":"type-post","3":"status-publish","4":"format-standard","5":"has-post-thumbnail","7":"category-grenoble","8":"tag-actu","9":"tag-actualites","10":"tag-auvergne-rhone-alpes","11":"tag-crime","12":"tag-delit-et-contravention","13":"tag-echirolles","14":"tag-edition-grenoble-agglomeration","15":"tag-eu","16":"tag-europe","17":"tag-faits-divers-justice","18":"tag-fil-info","19":"tag-fontaine","20":"tag-fr","21":"tag-france","22":"tag-grenoble","23":"tag-grenoble-bassin","24":"tag-isere","25":"tag-news","26":"tag-republique-francaise"},"share_on_mastodon":{"url":"https:\/\/pubeurope.com\/@fr\/114887865328839820","error":""},"_links":{"self":[{"href":"https:\/\/www.europesays.com\/fr\/wp-json\/wp\/v2\/posts\/262013","targetHints":{"allow":["GET"]}}],"collection":[{"href":"https:\/\/www.europesays.com\/fr\/wp-json\/wp\/v2\/posts"}],"about":[{"href":"https:\/\/www.europesays.com\/fr\/wp-json\/wp\/v2\/types\/post"}],"author":[{"embeddable":true,"href":"https:\/\/www.europesays.com\/fr\/wp-json\/wp\/v2\/users\/2"}],"replies":[{"embeddable":true,"href":"https:\/\/www.europesays.com\/fr\/wp-json\/wp\/v2\/comments?post=262013"}],"version-history":[{"count":0,"href":"https:\/\/www.europesays.com\/fr\/wp-json\/wp\/v2\/posts\/262013\/revisions"}],"wp:featuredmedia":[{"embeddable":true,"href":"https:\/\/www.europesays.com\/fr\/wp-json\/wp\/v2\/media\/262014"}],"wp:attachment":[{"href":"https:\/\/www.europesays.com\/fr\/wp-json\/wp\/v2\/media?parent=262013"}],"wp:term":[{"taxonomy":"category","embeddable":true,"href":"https:\/\/www.europesays.com\/fr\/wp-json\/wp\/v2\/categories?post=262013"},{"taxonomy":"post_tag","embeddable":true,"href":"https:\/\/www.europesays.com\/fr\/wp-json\/wp\/v2\/tags?post=262013"}],"curies":[{"name":"wp","href":"https:\/\/api.w.org\/{rel}","templated":true}]}}