{"id":262017,"date":"2025-07-20T22:15:29","date_gmt":"2025-07-20T22:15:29","guid":{"rendered":"https:\/\/www.europesays.com\/fr\/262017\/"},"modified":"2025-07-20T22:15:29","modified_gmt":"2025-07-20T22:15:29","slug":"rennes-sur-loue-la-foudre-tombe-sur-un-pylone-electrique-et-provoque-un-incendie","status":"publish","type":"post","link":"https:\/\/www.europesays.com\/fr\/262017\/","title":{"rendered":"Rennes-sur-Loue. La foudre tombe sur un pyl\u00f4ne \u00e9lectrique et provoque un incendie"},"content":{"rendered":"<p>Les pompiers du Doubs sont intervenus ce dimanche soir, sur la commune de <a href=\"https:\/\/www.estrepublicain.fr\/edition-besancon\/rennes-sur-loue\" target=\"_blank\" rel=\"noopener\">Rennes-sur-Loue<\/a>. Au cours de l\u2019orage qui s\u2019est abattu sur le secteur, un \u00e9clair a frapp\u00e9 un pyl\u00f4ne \u00e9lectrique, situ\u00e9 dans la commune. La foudre a occasionn\u00e9 un incendie qui s\u2019est propag\u00e9 \u00e0 un b\u00e2timent agricole contenant du fourrage et des engins agricoles. Un dispositif important a \u00e9t\u00e9 engag\u00e9 et trois lances \u00e0 eau ont \u00e9t\u00e9 d\u00e9ploy\u00e9es pour venir \u00e0 bout des flammes. Les gendarmes se sont rendus sur place pour proc\u00e9der aux constatations. Aucune victime n\u2019est \u00e0 d\u00e9plorer.<\/p>\n","protected":false},"excerpt":{"rendered":"Les pompiers du Doubs sont intervenus ce dimanche soir, sur la commune de Rennes-sur-Loue. Au cours de l\u2019orage&hellip;\n","protected":false},"author":2,"featured_media":262018,"comment_status":"","ping_status":"","sticky":false,"template":"","format":"standard","meta":{"footnotes":""},"categories":[2821],"tags":[1111,11,829,40185,8026,14383,1777,674,274,1011,27,1310,12,584,40184,25],"class_list":{"0":"post-262017","1":"post","2":"type-post","3":"status-publish","4":"format-standard","5":"has-post-thumbnail","7":"category-rennes","8":"tag-actu","9":"tag-actualites","10":"tag-bretagne","11":"tag-cc-loue-lison-25a","12":"tag-doubs","13":"tag-edition-besancon","14":"tag-eu","15":"tag-europe","16":"tag-faits-divers-justice","17":"tag-fr","18":"tag-france","19":"tag-incendie","20":"tag-news","21":"tag-rennes","22":"tag-rennes-sur-loue","23":"tag-republique-francaise"},"share_on_mastodon":{"url":"https:\/\/pubeurope.com\/@fr\/114887873146400708","error":""},"_links":{"self":[{"href":"https:\/\/www.europesays.com\/fr\/wp-json\/wp\/v2\/posts\/262017","targetHints":{"allow":["GET"]}}],"collection":[{"href":"https:\/\/www.europesays.com\/fr\/wp-json\/wp\/v2\/posts"}],"about":[{"href":"https:\/\/www.europesays.com\/fr\/wp-json\/wp\/v2\/types\/post"}],"author":[{"embeddable":true,"href":"https:\/\/www.europesays.com\/fr\/wp-json\/wp\/v2\/users\/2"}],"replies":[{"embeddable":true,"href":"https:\/\/www.europesays.com\/fr\/wp-json\/wp\/v2\/comments?post=262017"}],"version-history":[{"count":0,"href":"https:\/\/www.europesays.com\/fr\/wp-json\/wp\/v2\/posts\/262017\/revisions"}],"wp:featuredmedia":[{"embeddable":true,"href":"https:\/\/www.europesays.com\/fr\/wp-json\/wp\/v2\/media\/262018"}],"wp:attachment":[{"href":"https:\/\/www.europesays.com\/fr\/wp-json\/wp\/v2\/media?parent=262017"}],"wp:term":[{"taxonomy":"category","embeddable":true,"href":"https:\/\/www.europesays.com\/fr\/wp-json\/wp\/v2\/categories?post=262017"},{"taxonomy":"post_tag","embeddable":true,"href":"https:\/\/www.europesays.com\/fr\/wp-json\/wp\/v2\/tags?post=262017"}],"curies":[{"name":"wp","href":"https:\/\/api.w.org\/{rel}","templated":true}]}}