{"id":262022,"date":"2025-07-20T22:19:37","date_gmt":"2025-07-20T22:19:37","guid":{"rendered":"https:\/\/www.europesays.com\/fr\/262022\/"},"modified":"2025-07-20T22:19:37","modified_gmt":"2025-07-20T22:19:37","slug":"lepicier-piege-le-voleur-a-nice","status":"publish","type":"post","link":"https:\/\/www.europesays.com\/fr\/262022\/","title":{"rendered":"L&rsquo;\u00e9picier pi\u00e8ge le voleur \u00e0 Nice"},"content":{"rendered":"<p class=\"jsx-4058425199 jsx-2164199691 ExpandableText__Text\">Tout a commenc\u00e9 il y a une semaine. Chaque nuit, des bouteilles d&rsquo;alcool se volatilisent des rayons d&rsquo;une sup\u00e9rette \u00e0 Nice, dans Alpes-Maritimes. Les g\u00e9rants constatent sur la vid\u00e9osurveillance qu&rsquo;un homme s&rsquo;introduit dans l&rsquo;\u00e9picerie, quatre fois au total. Exc\u00e9d\u00e9s par cette s\u00e9rie de vols, ils ont tent\u00e9 le tout pour le tout dans le but de coincer le voleur. En r\u00e9cidive, le d\u00e9linquant est pass\u00e9 en comparution imm\u00e9diate vendredi. Il est condamn\u00e9 \u00e0 un an de prison ferme.<\/p>\n<p>Lire plusReplier<\/p>\n","protected":false},"excerpt":{"rendered":"Tout a commenc\u00e9 il y a une semaine. Chaque nuit, des bouteilles d&rsquo;alcool se volatilisent des rayons d&rsquo;une&hellip;\n","protected":false},"author":2,"featured_media":262023,"comment_status":"","ping_status":"","sticky":false,"template":"","format":"standard","meta":{"footnotes":""},"categories":[2819],"tags":[1111,11,1777,674,1011,27,303,2954,2952,12,2401,882,25,133,2953],"class_list":{"0":"post-262022","1":"post","2":"type-post","3":"status-publish","4":"format-standard","5":"has-post-thumbnail","7":"category-nice","8":"tag-actu","9":"tag-actualites","10":"tag-eu","11":"tag-europe","12":"tag-fr","13":"tag-france","14":"tag-justice","15":"tag-justice-et-faits-divers","16":"tag-le-20h","17":"tag-news","18":"tag-nice","19":"tag-provence-alpes-cote-dazur","20":"tag-republique-francaise","21":"tag-video","22":"tag-video-police"},"share_on_mastodon":{"url":"https:\/\/pubeurope.com\/@fr\/114887888882340209","error":""},"_links":{"self":[{"href":"https:\/\/www.europesays.com\/fr\/wp-json\/wp\/v2\/posts\/262022","targetHints":{"allow":["GET"]}}],"collection":[{"href":"https:\/\/www.europesays.com\/fr\/wp-json\/wp\/v2\/posts"}],"about":[{"href":"https:\/\/www.europesays.com\/fr\/wp-json\/wp\/v2\/types\/post"}],"author":[{"embeddable":true,"href":"https:\/\/www.europesays.com\/fr\/wp-json\/wp\/v2\/users\/2"}],"replies":[{"embeddable":true,"href":"https:\/\/www.europesays.com\/fr\/wp-json\/wp\/v2\/comments?post=262022"}],"version-history":[{"count":0,"href":"https:\/\/www.europesays.com\/fr\/wp-json\/wp\/v2\/posts\/262022\/revisions"}],"wp:featuredmedia":[{"embeddable":true,"href":"https:\/\/www.europesays.com\/fr\/wp-json\/wp\/v2\/media\/262023"}],"wp:attachment":[{"href":"https:\/\/www.europesays.com\/fr\/wp-json\/wp\/v2\/media?parent=262022"}],"wp:term":[{"taxonomy":"category","embeddable":true,"href":"https:\/\/www.europesays.com\/fr\/wp-json\/wp\/v2\/categories?post=262022"},{"taxonomy":"post_tag","embeddable":true,"href":"https:\/\/www.europesays.com\/fr\/wp-json\/wp\/v2\/tags?post=262022"}],"curies":[{"name":"wp","href":"https:\/\/api.w.org\/{rel}","templated":true}]}}