{"id":262034,"date":"2025-07-20T22:29:09","date_gmt":"2025-07-20T22:29:09","guid":{"rendered":"https:\/\/www.europesays.com\/fr\/262034\/"},"modified":"2025-07-20T22:29:09","modified_gmt":"2025-07-20T22:29:09","slug":"i-muvrini-les-voix-de-lame-corse-sur-le-vieux-port-de-marseille","status":"publish","type":"post","link":"https:\/\/www.europesays.com\/fr\/262034\/","title":{"rendered":"I Muvrini, les voix de l&rsquo;\u00e2me corse sur le Vieux-Port de Marseille"},"content":{"rendered":"<p>L&rsquo;avant-veille, le pilier du disco fran\u00e7ais Marc Cerrone, et juste avant lui les cultissimes musiciens d&rsquo;Earth Wind &amp; Fire avaient ouvert le bal de ce week-end de juillet de <a href=\"https:\/\/www.laprovence.com\/article\/region\/34718174632041\/ete-marseillais-la-scene-flottante-sinstalle-sur-le-vieux-port\" target=\"_blank\" rel=\"noopener\">l&rsquo;\u00c9t\u00e9 marseillais<\/a>. Ce dimanche, le festival enti\u00e8rement gratuit, populaire et interg\u00e9n\u00e9rationnel de Marseille plongeait dans la culture traditionnelle corse avec, on ne les pr\u00e9sente plus, <a href=\"https:\/\/www.laprovence.com\/article\/culture-loisirs\/56203718481807\/i-muvrini-a-marseille-dimanche-cest-important-de-preserver-une-beaute-de-resistance-et-de-survie\" target=\"_blank\" rel=\"noopener\">I Muvrini<\/a> (petites mouflons en corse, NDLR).<\/p>\n","protected":false},"excerpt":{"rendered":"L&rsquo;avant-veille, le pilier du disco fran\u00e7ais Marc Cerrone, et juste avant lui les cultissimes musiciens d&rsquo;Earth Wind &amp;&hellip;\n","protected":false},"author":2,"featured_media":262035,"comment_status":"","ping_status":"","sticky":false,"template":"","format":"standard","meta":{"footnotes":""},"categories":[2814],"tags":[17,1111,11,2517,251,2883,1777,674,1011,27,12168,151,761,884,40014,12,882,25,858],"class_list":{"0":"post-262034","1":"post","2":"type-post","3":"status-publish","4":"format-standard","5":"has-post-thumbnail","7":"category-marseille","8":"tag-17","9":"tag-actu","10":"tag-actualites","11":"tag-corse","12":"tag-culture","13":"tag-ete","14":"tag-eu","15":"tag-europe","16":"tag-fr","17":"tag-france","18":"tag-lame","19":"tag-les","20":"tag-marseillais","21":"tag-marseille","22":"tag-muvrini","23":"tag-news","24":"tag-provence-alpes-cote-dazur","25":"tag-republique-francaise","26":"tag-voix"},"share_on_mastodon":{"url":"https:\/\/pubeurope.com\/@fr\/114887928296156322","error":""},"_links":{"self":[{"href":"https:\/\/www.europesays.com\/fr\/wp-json\/wp\/v2\/posts\/262034","targetHints":{"allow":["GET"]}}],"collection":[{"href":"https:\/\/www.europesays.com\/fr\/wp-json\/wp\/v2\/posts"}],"about":[{"href":"https:\/\/www.europesays.com\/fr\/wp-json\/wp\/v2\/types\/post"}],"author":[{"embeddable":true,"href":"https:\/\/www.europesays.com\/fr\/wp-json\/wp\/v2\/users\/2"}],"replies":[{"embeddable":true,"href":"https:\/\/www.europesays.com\/fr\/wp-json\/wp\/v2\/comments?post=262034"}],"version-history":[{"count":0,"href":"https:\/\/www.europesays.com\/fr\/wp-json\/wp\/v2\/posts\/262034\/revisions"}],"wp:featuredmedia":[{"embeddable":true,"href":"https:\/\/www.europesays.com\/fr\/wp-json\/wp\/v2\/media\/262035"}],"wp:attachment":[{"href":"https:\/\/www.europesays.com\/fr\/wp-json\/wp\/v2\/media?parent=262034"}],"wp:term":[{"taxonomy":"category","embeddable":true,"href":"https:\/\/www.europesays.com\/fr\/wp-json\/wp\/v2\/categories?post=262034"},{"taxonomy":"post_tag","embeddable":true,"href":"https:\/\/www.europesays.com\/fr\/wp-json\/wp\/v2\/tags?post=262034"}],"curies":[{"name":"wp","href":"https:\/\/api.w.org\/{rel}","templated":true}]}}