{"id":262036,"date":"2025-07-20T22:30:18","date_gmt":"2025-07-20T22:30:18","guid":{"rendered":"https:\/\/www.europesays.com\/fr\/262036\/"},"modified":"2025-07-20T22:30:18","modified_gmt":"2025-07-20T22:30:18","slug":"mon-reve-cetait-de-jouer-a-lom-quand-riyad-mahrez-declare-sa-flamme-a-marseille","status":"publish","type":"post","link":"https:\/\/www.europesays.com\/fr\/262036\/","title":{"rendered":"\u00ab\u00a0Mon r\u00eave, c&rsquo;\u00e9tait de jouer \u00e0 l&rsquo;OM\u00a0\u00bb, quand Riyad Mahrez d\u00e9clare sa flamme \u00e0 Marseille"},"content":{"rendered":"<p>Quand le journaliste Nabil Djellit lui demande dans quel autre club europ\u00e9en il aurait aim\u00e9 jouer (apr\u00e8s le\u00a0Havre de\u00a02011 \u00e0\u00a02014, Leicester de\u00a02014 \u00e0\u00a02018 et Manchester City de\u00a02018 \u00e0\u00a02023), l\u2019attaquant de Al-Ahli en Arabie saoudite r\u00e9pond\u00a0: \u00ab\u00a0Depuis que je suis petit, j\u2019ai toujours eu envie de jouer \u00e0 Marseille. C\u2019\u00e9tait mon r\u00eave. J\u2019\u00e9tais un amoureux de l\u2019OM. Tous les joueurs qui sont pass\u00e9s\u00a0: Drogba, Niang, Nasri, Rib\u00e9ry\u2026 Mon r\u00eave \u00e9tait de jouer au V\u00e9lodrome en Ligue 1. Mon parcours a \u00e9t\u00e9 tout autre\u2026\u00a0\u00bb<\/p>\n<p>\u00c0 plusieurs reprises, l\u2019international alg\u00e9rien aurait pu signer \u00e0 l\u2019OM\u2026<\/p>\n<p>D\u2019abord \u00e0 ses 18\u00a0ans, quand Mahrez, qui \u00e9voluait alors \u00e0 Quimper en CFA, avait pass\u00e9 <a href=\"https:\/\/www.laprovence.com\/actu\/en-direct\/5985790\/om-quand-riyad-mahrez-a-cru-quil-avait-signe.html\" target=\"_blank\" rel=\"nofollow noopener\">des essais qui avaient conquis Jos\u00e9 Anigo<\/a>, d\u00e9cid\u00e9 \u00e0 le faire signer \u00e0 Marseille\u2026 avant qu\u2019il ne change d\u2019avis en derni\u00e8re minute, pr\u00e9f\u00e9rant Bilel Omrani.<\/p>\n<p>Le destin aurait pu lui donner une deuxi\u00e8me chance, si Vincent Labrune n\u2019en avait pas d\u00e9cid\u00e9 autrement. En\u00a02014, Riyad Mahrez, deuxi\u00e8me meilleur buteur de Premier League \u00e0 l\u2019\u00e9poque, avait \u00e9t\u00e9 \u00e0 l\u2019OM. Proposition refus\u00e9e par l\u2019ex-pr\u00e9sident du club, qui estimait qu\u2019il n\u2019avait pas le niveau du projet qui \u00e9tait le sien.<\/p>\n","protected":false},"excerpt":{"rendered":"Quand le journaliste Nabil Djellit lui demande dans quel autre club europ\u00e9en il aurait aim\u00e9 jouer (apr\u00e8s le\u00a0Havre&hellip;\n","protected":false},"author":2,"featured_media":262037,"comment_status":"","ping_status":"","sticky":false,"template":"","format":"standard","meta":{"footnotes":""},"categories":[2814],"tags":[17,1111,11,40186,1777,674,1011,27,5236,4056,884,11078,12,149,882,396,25,15300,7920],"class_list":{"0":"post-262036","1":"post","2":"type-post","3":"status-publish","4":"format-standard","5":"has-post-thumbnail","7":"category-marseille","8":"tag-17","9":"tag-actu","10":"tag-actualites","11":"tag-cetait","12":"tag-eu","13":"tag-europe","14":"tag-fr","15":"tag-france","16":"tag-jouer","17":"tag-lom","18":"tag-marseille","19":"tag-mon","20":"tag-news","21":"tag-om","22":"tag-provence-alpes-cote-dazur","23":"tag-quand","24":"tag-republique-francaise","25":"tag-reve","26":"tag-riyad"},"share_on_mastodon":{"url":"https:\/\/pubeurope.com\/@fr\/114887932242301981","error":""},"_links":{"self":[{"href":"https:\/\/www.europesays.com\/fr\/wp-json\/wp\/v2\/posts\/262036","targetHints":{"allow":["GET"]}}],"collection":[{"href":"https:\/\/www.europesays.com\/fr\/wp-json\/wp\/v2\/posts"}],"about":[{"href":"https:\/\/www.europesays.com\/fr\/wp-json\/wp\/v2\/types\/post"}],"author":[{"embeddable":true,"href":"https:\/\/www.europesays.com\/fr\/wp-json\/wp\/v2\/users\/2"}],"replies":[{"embeddable":true,"href":"https:\/\/www.europesays.com\/fr\/wp-json\/wp\/v2\/comments?post=262036"}],"version-history":[{"count":0,"href":"https:\/\/www.europesays.com\/fr\/wp-json\/wp\/v2\/posts\/262036\/revisions"}],"wp:featuredmedia":[{"embeddable":true,"href":"https:\/\/www.europesays.com\/fr\/wp-json\/wp\/v2\/media\/262037"}],"wp:attachment":[{"href":"https:\/\/www.europesays.com\/fr\/wp-json\/wp\/v2\/media?parent=262036"}],"wp:term":[{"taxonomy":"category","embeddable":true,"href":"https:\/\/www.europesays.com\/fr\/wp-json\/wp\/v2\/categories?post=262036"},{"taxonomy":"post_tag","embeddable":true,"href":"https:\/\/www.europesays.com\/fr\/wp-json\/wp\/v2\/tags?post=262036"}],"curies":[{"name":"wp","href":"https:\/\/api.w.org\/{rel}","templated":true}]}}