{"id":262040,"date":"2025-07-20T22:32:19","date_gmt":"2025-07-20T22:32:19","guid":{"rendered":"https:\/\/www.europesays.com\/fr\/262040\/"},"modified":"2025-07-20T22:32:19","modified_gmt":"2025-07-20T22:32:19","slug":"mercato-kluivert-debarque-a-lyon-2","status":"publish","type":"post","link":"https:\/\/www.europesays.com\/fr\/262040\/","title":{"rendered":"Mercato, Kluivert d\u00e9barque \u00e0 Lyon"},"content":{"rendered":"<p class=\"mb-4 text-lg md:leading-8 break-words\">Dans un \u00e9t\u00e9 marqu\u00e9 par les incertitudes financi\u00e8res et les secousses en interne, l\u2019Olympique Lyonnais semble tenir son premier renfort d\u00e9fensif. Le club rhodanien, qui entame une phase de reconstruction sous la direction de Michele Kang, s&rsquo;appr\u00eate \u00e0 accueillir le fils d\u2019une l\u00e9gende Patrick Kluivert dans son effectif. Une op\u00e9ration strat\u00e9gique \u00e0 l&rsquo;heure o\u00f9 l&rsquo;OL cherche \u00e0 retrouver stabilit\u00e9 et ambition.<\/p>\n<p>L\u2019OL va signer Ruben Kluivert cet \u00e9t\u00e9<img alt=\"L\u2019OL va signer Ruben Kluivert cet \u00e9t\u00e9 \" loading=\"lazy\" width=\"960\" height=\"540\" decoding=\"async\" data-nimg=\"1\" class=\"rounded-lg\" style=\"color:transparent\" src=\"https:\/\/www.europesays.com\/fr\/wp-content\/uploads\/2025\/07\/f7079b943d17c4593c7349eb945c9aa7.jpeg\"\/><\/p>\n<p>L\u2019OL va signer Ruben Kluivert cet \u00e9t\u00e9<\/p>\n<p class=\"mb-4 text-lg md:leading-8 break-words\">D\u2019apr\u00e8s les informations r\u00e9v\u00e9l\u00e9es par De Telegraaf, Ruben Kluivert est sur le point de s\u2019engager avec l\u2019Olympique Lyonnais. <a href=\"https:\/\/fr.news.yahoo.com\/sport\/ol-sortie-explosive-paulo-fonseca-121256168.html\" data-ylk=\"slk:Un choix fort de la part de la nouvelle direction rhodanienne alors que le club revient de loin apr\u00e8s sa rel\u00e9gation administrative annul\u00e9e par la DNCG;elm:context_link;itc:0;sec:content-canvas;outcm:mb_qualified_link;_E:mb_qualified_link;ct:story;\" class=\"link  yahoo-link\" target=\"_blank\" rel=\"noopener\">Un choix fort de la part de la nouvelle direction rhodanienne alors que le club revient de loin apr\u00e8s sa rel\u00e9gation administrative annul\u00e9e par la DNCG<\/a>. <a href=\"https:\/\/fr.news.yahoo.com\/sport\/mercato-cadeau-manchester-city-%C3%A0-135741815.html\" data-ylk=\"slk:La saison pass\u00e9e a laiss\u00e9 des traces, mais elle a aussi acc\u00e9l\u00e9r\u00e9 les d\u00e9cisions structurelles, \u00e0 commencer par la prise de pouvoir de Michele Kang;elm:context_link;itc:0;sec:content-canvas;outcm:mb_qualified_link;_E:mb_qualified_link;ct:story;\" class=\"link  yahoo-link\" target=\"_blank\" rel=\"noopener\">La saison pass\u00e9e a laiss\u00e9 des traces, mais elle a aussi acc\u00e9l\u00e9r\u00e9 les d\u00e9cisions structurelles, \u00e0 commencer par la prise de pouvoir de Michele Kang<\/a>. Dans ce contexte, le recrutement de Ruben Kluivert illustre une volont\u00e9 de renouvellement et de prudence budg\u00e9taire.<\/p>\n<p class=\"mb-4 text-lg md:leading-8 break-words\">Le d\u00e9fenseur n\u00e9erlandais de 24 ans, form\u00e9 \u00e0 Utrecht, a brill\u00e9 avec Casa Pia au Portugal, o\u00f9 il s\u2019est impos\u00e9 comme un cadre incontournable. Arriv\u00e9 pour un montant modeste en provenance du FC Dordrecht, il a rapidement attir\u00e9 l\u2019attention gr\u00e2ce \u00e0 ses performances solides. Lyon, conscient de son potentiel et de sa marge de progression, a relanc\u00e9 des discussions entam\u00e9es il y a quelques mois. L\u2019affaire est d\u00e9sormais proche d\u2019aboutir.<\/p>\n<p>Ruben Kluivert, un profil id\u00e9al pour l\u2019OL<\/p>\n<p class=\"mb-4 text-lg md:leading-8 break-words\">Ruben Kluivert, fr\u00e8re de Justin et fils de la l\u00e9gende Patrick Kluivert, n\u2019est pas seulement un nom c\u00e9l\u00e8bre. Son profil correspond aux besoins de l\u2019OL : jeune, exp\u00e9riment\u00e9 \u00e0 l\u2019\u00e9chelle europ\u00e9enne, et financi\u00e8rement accessible. Toujours selon De Telegraaf, un contrat de cinq ans attendrait le joueur \u00e0 Lyon. Une dur\u00e9e qui montre la confiance plac\u00e9e en lui par la cellule de recrutement du club rhodanien.<\/p>\n<p class=\"mb-4 text-lg md:leading-8 break-words\">Dans un march\u00e9 contraint, ce type de pari calcul\u00e9 repr\u00e9sente la nouvelle ligne directrice de Michele Kang, qui cherche \u00e0 b\u00e2tir un effectif comp\u00e9titif tout en assainissant les finances. La signature de Ruben Kluivert, si elle se concr\u00e9tise dans les prochains jours, pourrait bien \u00eatre la premi\u00e8re pierre d\u2019un mercato plac\u00e9 sous le signe de la reconstruction ma\u00eetris\u00e9e.<\/p>\n<p>Lyon veut acc\u00e9l\u00e9rer son mercato<img alt=\"Lyon veut acc\u00e9l\u00e9rer son mercato\" loading=\"lazy\" width=\"960\" height=\"540\" decoding=\"async\" data-nimg=\"1\" class=\"rounded-lg\" style=\"color:transparent\" src=\"https:\/\/www.europesays.com\/fr\/wp-content\/uploads\/2025\/07\/ebaca98921e33a473265423fbb57cb79.jpeg\"\/><\/p>\n<p>Lyon veut acc\u00e9l\u00e9rer son mercato<\/p>\n<p class=\"mb-4 text-lg md:leading-8 break-words\">Avec un maintien confirm\u00e9 en Ligue 1, l\u2019OL n\u2019a plus le luxe de l\u2019attente. Le projet sportif doit suivre le redressement administratif. En ciblant Ruben Kluivert, Lyon s\u2019offre un d\u00e9fenseur d\u00e9j\u00e0 habitu\u00e9 \u00e0 la pression et aux responsabilit\u00e9s. Son arriv\u00e9e permettrait d\u2019apporter de la stabilit\u00e9 \u00e0 une arri\u00e8re-garde en chantier. Dans un club en pleine refondation, son profil polyvalent et combatif pourrait faire la diff\u00e9rence.<\/p>\n","protected":false},"excerpt":{"rendered":"Dans un \u00e9t\u00e9 marqu\u00e9 par les incertitudes financi\u00e8res et les secousses en interne, l\u2019Olympique Lyonnais semble tenir son&hellip;\n","protected":false},"author":2,"featured_media":262041,"comment_status":"","ping_status":"","sticky":false,"template":"","format":"standard","meta":{"footnotes":""},"categories":[1889],"tags":[1111,11,2430,40191,40190,1777,674,1011,27,3279,2428,40189,12,40187,2264,25,40188],"class_list":{"0":"post-262040","1":"post","2":"type-post","3":"status-publish","4":"format-standard","5":"has-post-thumbnail","7":"category-lyon","8":"tag-actu","9":"tag-actualites","10":"tag-auvergne-rhone-alpes","11":"tag-casa-pia","12":"tag-de-telegraaf","13":"tag-eu","14":"tag-europe","15":"tag-fr","16":"tag-france","17":"tag-lolympique-lyonnais","18":"tag-lyon","19":"tag-michele-kang","20":"tag-news","21":"tag-patrick-kluivert","22":"tag-rc-lens","23":"tag-republique-francaise","24":"tag-ruben-kluivert"},"share_on_mastodon":{"url":"https:\/\/pubeurope.com\/@fr\/114887940194041492","error":""},"_links":{"self":[{"href":"https:\/\/www.europesays.com\/fr\/wp-json\/wp\/v2\/posts\/262040","targetHints":{"allow":["GET"]}}],"collection":[{"href":"https:\/\/www.europesays.com\/fr\/wp-json\/wp\/v2\/posts"}],"about":[{"href":"https:\/\/www.europesays.com\/fr\/wp-json\/wp\/v2\/types\/post"}],"author":[{"embeddable":true,"href":"https:\/\/www.europesays.com\/fr\/wp-json\/wp\/v2\/users\/2"}],"replies":[{"embeddable":true,"href":"https:\/\/www.europesays.com\/fr\/wp-json\/wp\/v2\/comments?post=262040"}],"version-history":[{"count":0,"href":"https:\/\/www.europesays.com\/fr\/wp-json\/wp\/v2\/posts\/262040\/revisions"}],"wp:featuredmedia":[{"embeddable":true,"href":"https:\/\/www.europesays.com\/fr\/wp-json\/wp\/v2\/media\/262041"}],"wp:attachment":[{"href":"https:\/\/www.europesays.com\/fr\/wp-json\/wp\/v2\/media?parent=262040"}],"wp:term":[{"taxonomy":"category","embeddable":true,"href":"https:\/\/www.europesays.com\/fr\/wp-json\/wp\/v2\/categories?post=262040"},{"taxonomy":"post_tag","embeddable":true,"href":"https:\/\/www.europesays.com\/fr\/wp-json\/wp\/v2\/tags?post=262040"}],"curies":[{"name":"wp","href":"https:\/\/api.w.org\/{rel}","templated":true}]}}