{"id":262046,"date":"2025-07-20T22:38:23","date_gmt":"2025-07-20T22:38:23","guid":{"rendered":"https:\/\/www.europesays.com\/fr\/262046\/"},"modified":"2025-07-20T22:38:23","modified_gmt":"2025-07-20T22:38:23","slug":"je-suis-tellement-reconnaissant-comment-david-guetta-a-enflamme-le-lollapalooza-2025","status":"publish","type":"post","link":"https:\/\/www.europesays.com\/fr\/262046\/","title":{"rendered":"\u00ab\u00a0Je suis tellement reconnaissant\u00a0\u00bb\u00a0: comment David Guetta a enflamm\u00e9 le Lollapalooza 2025"},"content":{"rendered":"<p class=\"paragraph text_align_left lp-f-body-02\">\u00ab La pluie s\u2019est arr\u00eat\u00e9e juste pour nous <a href=\"https:\/\/www.leparisien.fr\/culture-loisirs\/musique\/lollapalooza-2025-cinq-bonnes-raisons-de-ne-pas-rater-le-festival-a-lhippodrome-de-longchamps-17-07-2025-PP36WZFA5FETVNBTUKLNNH4JRA.php\" target=\"_blank\" rel=\"noreferrer nofollow noopener\">Lollapalooza<\/a> ! \u00bb \u00c0 peine arriv\u00e9 sur la Main West Stage de l\u2019hippodrome de Longchamp (Paris XVIe), <a href=\"https:\/\/www.leparisien.fr\/culture-loisirs\/musique\/david-guetta-en-concert-a-marseille-sons-inedits-effets-visuels-grandioses-black-eyed-peas-22-06-2025-3OQPSHH7VFGQZNOA2ON4JDQ7VI.php\" target=\"_blank\" rel=\"noreferrer nofollow noopener\">David Guetta<\/a> annonce la couleur. Sur les premi\u00e8res notes d\u2019\u00ab I\u2019m Good \u00bb, remix du single \u00ab Blue (Da Ba Dee) \u00bb sorti en 1998, la foule l\u2019acclame.<\/p>\n<p class=\"paragraph text_align_left lp-f-body-02\">Les festivaliers envahissent l\u2019espace des deux sc\u00e8nes principales au rythme des sonorit\u00e9s \u00e9lectro. Lasers lumineux, fum\u00e9es blanches et flammes\u2026 Ce samedi 19 juillet au soir, le Lollapalooza prend des airs de bo\u00eete de nuit des ann\u00e9es 2000.<\/p>\n","protected":false},"excerpt":{"rendered":"\u00ab La pluie s\u2019est arr\u00eat\u00e9e juste pour nous Lollapalooza ! \u00bb \u00c0 peine arriv\u00e9 sur la Main West&hellip;\n","protected":false},"author":2,"featured_media":262047,"comment_status":"","ping_status":"","sticky":false,"template":"","format":"standard","meta":{"footnotes":""},"categories":[1888],"tags":[11,872,1777,674,1011,27,873,12,626,25],"class_list":{"0":"post-262046","1":"post","2":"type-post","3":"status-publish","4":"format-standard","5":"has-post-thumbnail","7":"category-paris","8":"tag-actualites","9":"tag-culture-et-loisirs","10":"tag-eu","11":"tag-europe","12":"tag-fr","13":"tag-france","14":"tag-musique","15":"tag-news","16":"tag-paris","17":"tag-republique-francaise"},"share_on_mastodon":{"url":"https:\/\/pubeurope.com\/@fr\/114887963673633439","error":""},"_links":{"self":[{"href":"https:\/\/www.europesays.com\/fr\/wp-json\/wp\/v2\/posts\/262046","targetHints":{"allow":["GET"]}}],"collection":[{"href":"https:\/\/www.europesays.com\/fr\/wp-json\/wp\/v2\/posts"}],"about":[{"href":"https:\/\/www.europesays.com\/fr\/wp-json\/wp\/v2\/types\/post"}],"author":[{"embeddable":true,"href":"https:\/\/www.europesays.com\/fr\/wp-json\/wp\/v2\/users\/2"}],"replies":[{"embeddable":true,"href":"https:\/\/www.europesays.com\/fr\/wp-json\/wp\/v2\/comments?post=262046"}],"version-history":[{"count":0,"href":"https:\/\/www.europesays.com\/fr\/wp-json\/wp\/v2\/posts\/262046\/revisions"}],"wp:featuredmedia":[{"embeddable":true,"href":"https:\/\/www.europesays.com\/fr\/wp-json\/wp\/v2\/media\/262047"}],"wp:attachment":[{"href":"https:\/\/www.europesays.com\/fr\/wp-json\/wp\/v2\/media?parent=262046"}],"wp:term":[{"taxonomy":"category","embeddable":true,"href":"https:\/\/www.europesays.com\/fr\/wp-json\/wp\/v2\/categories?post=262046"},{"taxonomy":"post_tag","embeddable":true,"href":"https:\/\/www.europesays.com\/fr\/wp-json\/wp\/v2\/tags?post=262046"}],"curies":[{"name":"wp","href":"https:\/\/api.w.org\/{rel}","templated":true}]}}