{"id":262048,"date":"2025-07-20T22:39:10","date_gmt":"2025-07-20T22:39:10","guid":{"rendered":"https:\/\/www.europesays.com\/fr\/262048\/"},"modified":"2025-07-20T22:39:10","modified_gmt":"2025-07-20T22:39:10","slug":"merci-psg-neymar-remercie-paris-apres-avoir-recu-un-cadeau-pour-lui-et-toute-sa-famille","status":"publish","type":"post","link":"https:\/\/www.europesays.com\/fr\/262048\/","title":{"rendered":"\u00ab Merci PSG \u00bb : Neymar remercie Paris apr\u00e8s avoir re\u00e7u un cadeau pour lui et toute sa famille"},"content":{"rendered":"<p class=\"paragraph text_align_left lp-f-body-02\">Toujours dans les m\u00e9moires du c\u00f4t\u00e9 du Parc des Princes, <a href=\"https:\/\/www.leparisien.fr\/sports\/football\/football-la-video-du-premier-but-tout-en-maitrise-de-neymar-avec-santos-en-championnat-du-bresil-17-07-2025-R2QP3ODD7JAUZDTYUUW6WHQN64.php\" target=\"_self\" rel=\"nofollow noopener\">Neymar a re\u00e7u un geste symbolique de la part du Paris Saint-Germain<\/a>, club qu\u2019il a quitt\u00e9 en 2023 apr\u00e8s six saisons. Le club parisien a envoy\u00e9 \u00e0 l\u2019attaquant br\u00e9silien et \u00e0 sa famille des maillots de la saison 2025-2026 floqu\u00e9s \u00e0 leurs noms, dont celui de ses enfants : Davi Lucca, Mavie, Helena et Mel, n\u00e9e d\u00e9but juillet. Touch\u00e9 par cette attention, Neymar a partag\u00e9 une photo des tuniques sur Instagram, accompagn\u00e9e d\u2019un sobre \u00ab Merci PSG \u00bb.<\/p>\n<p><img decoding=\"async\" class=\"image \" loading=\"lazy\" src=\"https:\/\/www.europesays.com\/fr\/wp-content\/uploads\/2025\/07\/SU42NA2BRZGONKNKDGI4XHWA4I.jfif.jpeg\" alt=\"Neymar\" align=\"\" data-rubrique-principale=\"\" data-article-type=\"\" fetchpriority=\"auto\"\/>Neymar<\/p>\n<p class=\"paragraph text_align_left lp-f-body-02\">Auteur de 118 buts en 173 matchs avec le PSG, le joueur de 33 ans \u00e9volue aujourd\u2019hui \u00e0 Santos, son club formateur, qu\u2019il a rejoint d\u00e9but 2025 apr\u00e8s un passage quasi fantomatique \u00e0 Al-Hilal (7 matchs en deux saisons). Depuis son retour au Br\u00e9sil, il a disput\u00e9 14 rencontres pour 4 buts et 3 passes d\u00e9cisives. Avec 128 s\u00e9lections et 79 buts sous le maillot auriverde, Neymar esp\u00e8re encore convaincre Carlo Ancelotti de l\u2019emmener \u00e0 la Coupe du monde 2026.<\/p>\n","protected":false},"excerpt":{"rendered":"Toujours dans les m\u00e9moires du c\u00f4t\u00e9 du Parc des Princes, Neymar a re\u00e7u un geste symbolique de la&hellip;\n","protected":false},"author":2,"featured_media":262049,"comment_status":"","ping_status":"","sticky":false,"template":"","format":"standard","meta":{"footnotes":""},"categories":[1888],"tags":[11,1777,674,63,1011,27,12,626,93,25,60],"class_list":{"0":"post-262048","1":"post","2":"type-post","3":"status-publish","4":"format-standard","5":"has-post-thumbnail","7":"category-paris","8":"tag-actualites","9":"tag-eu","10":"tag-europe","11":"tag-football","12":"tag-fr","13":"tag-france","14":"tag-news","15":"tag-paris","16":"tag-psg","17":"tag-republique-francaise","18":"tag-sports"},"share_on_mastodon":{"url":"https:\/\/pubeurope.com\/@fr\/114887967704676516","error":""},"_links":{"self":[{"href":"https:\/\/www.europesays.com\/fr\/wp-json\/wp\/v2\/posts\/262048","targetHints":{"allow":["GET"]}}],"collection":[{"href":"https:\/\/www.europesays.com\/fr\/wp-json\/wp\/v2\/posts"}],"about":[{"href":"https:\/\/www.europesays.com\/fr\/wp-json\/wp\/v2\/types\/post"}],"author":[{"embeddable":true,"href":"https:\/\/www.europesays.com\/fr\/wp-json\/wp\/v2\/users\/2"}],"replies":[{"embeddable":true,"href":"https:\/\/www.europesays.com\/fr\/wp-json\/wp\/v2\/comments?post=262048"}],"version-history":[{"count":0,"href":"https:\/\/www.europesays.com\/fr\/wp-json\/wp\/v2\/posts\/262048\/revisions"}],"wp:featuredmedia":[{"embeddable":true,"href":"https:\/\/www.europesays.com\/fr\/wp-json\/wp\/v2\/media\/262049"}],"wp:attachment":[{"href":"https:\/\/www.europesays.com\/fr\/wp-json\/wp\/v2\/media?parent=262048"}],"wp:term":[{"taxonomy":"category","embeddable":true,"href":"https:\/\/www.europesays.com\/fr\/wp-json\/wp\/v2\/categories?post=262048"},{"taxonomy":"post_tag","embeddable":true,"href":"https:\/\/www.europesays.com\/fr\/wp-json\/wp\/v2\/tags?post=262048"}],"curies":[{"name":"wp","href":"https:\/\/api.w.org\/{rel}","templated":true}]}}