{"id":26205,"date":"2025-04-15T08:48:10","date_gmt":"2025-04-15T08:48:10","guid":{"rendered":"https:\/\/www.europesays.com\/fr\/26205\/"},"modified":"2025-04-15T08:48:10","modified_gmt":"2025-04-15T08:48:10","slug":"cette-decision-radicale-et-a-contre-temps-prise","status":"publish","type":"post","link":"https:\/\/www.europesays.com\/fr\/26205\/","title":{"rendered":"cette d\u00e9cision radicale et \u00e0 contre-temps prise &#8230;"},"content":{"rendered":"<p class=\"tls__ed-content__exc\">Apr\u00e8s le documentaire Netflix et<br \/>\nl\u00a0\u00bbaffaire Bertrand Cantat, cette c\u00e9l\u00e8bre radio a choisi de ne plus<br \/>\ndiffuser ses chansons.<\/p>\n<p>EN BREF<\/p>\n<ul class=\"bloc_resume_post_list\">\n<li>En octobre 2023, le documentaire Netflix &lsquo;De rockstar \u00e0<br \/>\ntueur : Le cas Cantat&rsquo; suscite un d\u00e9bat intense en France,<br \/>\nretra\u00e7ant le meurtre de Marie Trintignant par Bertrand<br \/>\nCantat.<\/li>\n<li>Lors d&rsquo;un concert en 2018, Bertrand Cantat a provoqu\u00e9 la<br \/>\ncontroverse en s&rsquo;adressant directement \u00e0 ses d\u00e9tracteurs, exprimant<br \/>\nson m\u00e9pris pour ceux qui le critiquent.<\/li>\n<li>La station de radio Vibration a d\u00e9cid\u00e9 de boycotter la<br \/>\nmusique de Bertrand Cantat, relan\u00e7ant le d\u00e9bat sur la s\u00e9paration<br \/>\nentre l&rsquo;homme et l&rsquo;artiste.<\/li>\n<\/ul>\n<p>Deux millions de vues en quelques jours et une vague de d\u00e9bats<br \/>\ndans toute la soci\u00e9t\u00e9 fran\u00e7aise : voil\u00e0 l\u2019impact du documentaire<br \/>\nNetflix De rockstar \u00e0 tueur : Le cas Cantat, qui retrace<br \/>\nle meurtre de l\u2019actrice Marie Trintignant par Bertrand Cantat.<\/p>\n<p>Si certaines prises de parole au fil des \u00e9pisodes. Celle de<br \/>\n<a href=\"https:\/\/www.telestar.fr\/vod\/de-rockstar-a-tueur-le-cas-cantat-netflix-malaise-de-pascal-negre-dans-le-documentaire-ce-terme-quil-refuse-demployer-1715724\" rel=\"nofollow noopener\" target=\"_blank\"><br \/>\nPascal N\u00e8gre<\/a> ont choqu\u00e9 une partie du public, d\u2019autres sont<br \/>\nsalu\u00e9es, notamment celle de Lio, l\u2019une des rares \u00e0 avoir os\u00e9 parler<br \/>\nde f\u00e9minicide \u00e0 l\u2019\u00e9poque o\u00f9 les m\u00e9dias pr\u00e9f\u00e9raient parler de<br \/>\n\u00ab\u00a0crime passionnel\u00a0\u00bb.<\/p>\n<p>Le chanteur r\u00e8gle ses comptes en plein concert<\/p>\n<p>Plus de vingt ans apr\u00e8s les faits, Bertrand Cantat a repris le<br \/>\nfil de sa vie. Malgr\u00e9 ceux qui s\u2019en indignent, comme Richard<br \/>\nKolinka, p\u00e8re de Roman, l\u2019un des fils de <a href=\"https:\/\/www.telestar.fr\/serie_tv\/meurtre-de-marie-trintignant-par-bertrand-cantat-lex-guitariste-de-noir-desir-resort-du-silence-le-doc-netflix-ny-est-pas-pour-rien-1716559\" rel=\"nofollow noopener\" target=\"_blank\"><br \/>\nMarie Trintignant<\/a>. Aujourd\u2019hui en couple, il partage sa vie<br \/>\nentre Bordeaux et les Landes, poursuivant sa carri\u00e8re artistique et<br \/>\nses projets personnels. Des perspectives qui lui permettent,<br \/>\nparfois, de r\u00e9pondre \u00e0 ses d\u00e9tracteurs, comme en 2018, lors de sa<br \/>\nseule date parisienne au Z\u00e9nith, en pleine tourn\u00e9e.<\/p>\n<p>Ce soir-l\u00e0, apr\u00e8s avoir encha\u00een\u00e9 plusieurs titres, Bertrand<br \/>\nCantat avait interrompu son concert pour vider son sac : \u201cCeux<br \/>\nqui ne sont pas l\u00e0 pour des bonnes raisons, vous pouvez sortir<br \/>\nmaintenant. [&#8230;] Vous avez quelque chose contre moi. Si certains<br \/>\nsont en train de jubiler, il n\u2019y a aucune limite \u00e0 quel point<br \/>\n<strong>je vous emmerde<\/strong>\u201d, avait-il lanc\u00e9 sous les<br \/>\napplaudissements d\u2019une partie du public. Des propos qui avaient<br \/>\nsuscit\u00e9, \u00e0 l\u2019\u00e9poque, une vive controverse.<\/p>\n<p>Cette radio boycotte Bertrand Cantat et<br \/>\nsa musique<\/p>\n<p>Une station de radio a pris une mesure radicale. Sur son site<br \/>\ninternet, <strong>Vibration<\/strong> a annonc\u00e9 qu\u2019elle boycotterait<br \/>\nd\u00e9sormais <a href=\"https:\/\/www.telestar.fr\/actu_tv\/c_a_vous\/c-lhebdo-le-juge-qui-a-libere-bertrand-cantat-sexplique-et-ses-propos-ne-vont-sans-doute-pas-apaiser-le-debat-1718179\" rel=\"nofollow noopener\" target=\"_blank\"><br \/>\nBertrand Cantat<\/a> et l\u2019ensemble de sa discographie. Plus aucun de<br \/>\nses titres, que ce soit en solo ou avec Noir D\u00e9sir, ne<br \/>\nsera diffus\u00e9 \u00e0 l\u2019antenne. Dans un billet intitul\u00e9 Pourquoi nous<br \/>\nrefusons de diffuser Bertrand Cantat, les programmateurs de<br \/>\ncette radio prennent clairement position. Ils reviennent sur la<br \/>\nquestion sensible relanc\u00e9e par le documentaire : la s\u00e9paration<br \/>\nentre l\u2019homme et l\u2019artiste est-elle encore possible ? Une<br \/>\ninterrogation qui traverse aujourd\u2019hui une grande partie du d\u00e9bat<br \/>\npublic.<\/p>\n<p>Et de s\u2019adresser directement \u00e0 leurs auditeurs : \u00ab\u00a0Doit-on<br \/>\ncontinuer \u00e0 \u00e9couter &lsquo;Le vent nous portera&rsquo; ? Doit-on encore acheter<br \/>\nses albums ? Ignorer la gravit\u00e9 de ses actes au nom de l\u2019art, ne<br \/>\nserait-ce pas perp\u00e9tuer la culture du silence autour des violences<br \/>\nconjugales ?\u00a0\u00bb. Pour eux, le choix est clair : la valeur<br \/>\nartistique ne peut <strong>effacer les faits<\/strong>. \u00ab\u00a0Aucune<br \/>\nm\u00e9lodie, aucun texte, aussi beaux soient-ils, ne sauraient le<br \/>\njustifier. C\u2019est pourquoi, sur notre antenne, nous faisons le choix<br \/>\nde ne pas diffuser Noir D\u00e9sir et Bertrand Cantat\u00a0\u00bb,<br \/>\nconcluent-ils dans ce communiqu\u00e9.<\/p>\n","protected":false},"excerpt":{"rendered":"Apr\u00e8s le documentaire Netflix et l\u00a0\u00bbaffaire Bertrand Cantat, cette c\u00e9l\u00e8bre radio a choisi de ne plus diffuser ses&hellip;\n","protected":false},"author":2,"featured_media":26206,"comment_status":"","ping_status":"","sticky":false,"template":"","format":"standard","meta":{"footnotes":""},"categories":[1359],"tags":[548,456,58,59,1011,27,973],"class_list":{"0":"post-26205","1":"post","2":"type-post","3":"status-publish","4":"format-standard","5":"has-post-thumbnail","7":"category-people","8":"tag-article-simple","9":"tag-bertrand-cantat","10":"tag-divertissement","11":"tag-entertainment","12":"tag-fr","13":"tag-france","14":"tag-people"},"share_on_mastodon":{"url":"https:\/\/pubeurope.com\/@fr\/114341118131962670","error":""},"_links":{"self":[{"href":"https:\/\/www.europesays.com\/fr\/wp-json\/wp\/v2\/posts\/26205","targetHints":{"allow":["GET"]}}],"collection":[{"href":"https:\/\/www.europesays.com\/fr\/wp-json\/wp\/v2\/posts"}],"about":[{"href":"https:\/\/www.europesays.com\/fr\/wp-json\/wp\/v2\/types\/post"}],"author":[{"embeddable":true,"href":"https:\/\/www.europesays.com\/fr\/wp-json\/wp\/v2\/users\/2"}],"replies":[{"embeddable":true,"href":"https:\/\/www.europesays.com\/fr\/wp-json\/wp\/v2\/comments?post=26205"}],"version-history":[{"count":0,"href":"https:\/\/www.europesays.com\/fr\/wp-json\/wp\/v2\/posts\/26205\/revisions"}],"wp:featuredmedia":[{"embeddable":true,"href":"https:\/\/www.europesays.com\/fr\/wp-json\/wp\/v2\/media\/26206"}],"wp:attachment":[{"href":"https:\/\/www.europesays.com\/fr\/wp-json\/wp\/v2\/media?parent=26205"}],"wp:term":[{"taxonomy":"category","embeddable":true,"href":"https:\/\/www.europesays.com\/fr\/wp-json\/wp\/v2\/categories?post=26205"},{"taxonomy":"post_tag","embeddable":true,"href":"https:\/\/www.europesays.com\/fr\/wp-json\/wp\/v2\/tags?post=26205"}],"curies":[{"name":"wp","href":"https:\/\/api.w.org\/{rel}","templated":true}]}}