{"id":262050,"date":"2025-07-20T22:40:11","date_gmt":"2025-07-20T22:40:11","guid":{"rendered":"https:\/\/www.europesays.com\/fr\/262050\/"},"modified":"2025-07-20T22:40:11","modified_gmt":"2025-07-20T22:40:11","slug":"replay-guerre-en-ukraine-57-drones-et-35-missiles-russes-lances-sur-lukraine-dans-la-nuit","status":"publish","type":"post","link":"https:\/\/www.europesays.com\/fr\/262050\/","title":{"rendered":"REPLAY. Guerre en Ukraine\u00a0: 57 drones et 35 missiles russes lanc\u00e9s sur l\u2019Ukraine dans la nuit"},"content":{"rendered":"<p>23h00.Fin du direct<\/p>\n<p class=\"live-post__amorce\">C&rsquo;est la fin de ce direct, merci de l&rsquo;avoir suivi.<\/p>\n<p>19h13.Moteur \u00e0 r\u00e9action, guidage infrarouge\u2026\u00a0Un nouveau drone c\u00f4t\u00e9 russe<\/p>\n<p class=\"live-post__amorce\">Alors que les frappes russes s\u2019intensifient, un nouveau drone plus rapide, plus puissant et plus pr\u00e9cis \u2014 le Geran-3 \u2014 a \u00e9t\u00e9 rep\u00e9r\u00e9 sur le front ukrainien. \ud83d\udc49  <a href=\"https:\/\/www.ladepeche.fr\/2025\/07\/20\/guerre-en-ukraine-moteur-a-reaction-guidage-infrarouge-ce-que-lon-sait-du-drone-russe-geran-3-qui-inquiete-kiev-12835802.php\" target=\"_blank\" rel=\"noopener noreferrer nofollow\" class=\"\"><strong>Lire notre article<\/strong><\/a> . <\/p>\n<p>15h56.La Russie l&rsquo;a priv\u00e9e de sa fille pendant quatre mois<\/p>\n<p class=\"live-post__amorce\">Priv\u00e9e de sa m\u00e8re apr\u00e8s un camp de vacances en Crim\u00e9e, Lilia, 14\u202fans, a pass\u00e9 quatre mois sous contr\u00f4le russe avant d\u2019\u00eatre lib\u00e9r\u00e9e. \u00c0 Kiev, Tetyana raconte son combat acharn\u00e9 pour retrouver sa fille et recoudre, tant bien que mal, une vie bris\u00e9e. \ud83d\udc49  <a href=\"https:\/\/www.ladepeche.fr\/2025\/07\/20\/guerre-en-ukraine-ils-disaient-que-cetait-trop-dangereux-pour-la-renvoyer-la-russie-la-privee-de-sa-fille-pendant-quatre-mois-12834958.php\" target=\"_blank\" rel=\"noopener noreferrer nofollow\" class=\"\"><strong>Lire ce t\u00e9moignage<\/strong><\/a> .<\/p>\n<p>11h10.57 drones et 35 missiles russes lanc\u00e9s sur l&rsquo;Ukraine dans la nuit<\/p>\n<p class=\"live-post__amorce\">Dans la nuit de samedi \u00e0 ce dimanche, les forces russes ont lanc\u00e9 57 drones d&rsquo;attaque de type Shahed et drones leurres, et 35 missiles a\u00e9riens, a indiqu\u00e9 l&rsquo;arm\u00e9e de l&rsquo;air ukrainienne sur  <a href=\"https:\/\/t.me\/kpszsu\/38872\" target=\"_blank\" rel=\"noopener noreferrer nofollow\" class=\"\">Telegram<\/a> . Les militaires ukrainiens affirment avoir abattu 18 drones. Le nord et l&rsquo;est de l&rsquo;Ukraine \u00e9taient vis\u00e9s.<\/p>\n<p>09h26.Alerte tsunami dans l&rsquo;extr\u00eame-orient russe<\/p>\n<p class=\"live-post__amorce\">Deux s\u00e9ismes de magnitude 6,7 puis 7,4 se sont produits ce dimanche au large des c\u00f4tes du Kamtchatka, dans l&rsquo;Extr\u00eame-Orient russe, conduisant au d\u00e9clenchement de l&rsquo;alerte tsunami, selon l&rsquo;Institut am\u00e9ricain de g\u00e9ophysique (USGS). L&rsquo;\u00e9picentre de ces s\u00e9ismes est situ\u00e9 dans l&rsquo;oc\u00e9an Pacifique, entre 130 et 144 kilom\u00e8tres de la ville russe de Petropavlovsk-Kamtchatsky, capitale de la r\u00e9gion du Kamtchatka, pr\u00e9cise l&rsquo;USGS. La p\u00e9ninsule du Kamtchatka est le point de rencontre entre les plaques tectoniques du Pacifique et nord-am\u00e9ricaine, ce qui fait de la r\u00e9gion l&rsquo;une des zones sismiques les plus actives de la plan\u00e8te.<\/p>\n<p>08h30.La Russie l&rsquo;a priv\u00e9e de sa fille pendant 4 mois<\/p>\n<p class=\"live-post__amorce\">Priv\u00e9e de sa m\u00e8re apr\u00e8s un camp de vacances en Crim\u00e9e, Lilia, 14\u202fans, a pass\u00e9 quatre mois sous contr\u00f4le russe avant d\u2019\u00eatre lib\u00e9r\u00e9e. \u00c0 Kiev, Tetyana raconte son combat acharn\u00e9 pour retrouver sa fille et recoudre, tant bien que mal, une vie bris\u00e9e.  <a href=\"https:\/\/www.ladepeche.fr\/2025\/07\/20\/guerre-en-ukraine-ils-disaient-que-cetait-trop-dangereux-pour-la-renvoyer-la-russie-la-privee-de-sa-fille-pendant-quatre-mois-12834958.php\" target=\"_blank\" rel=\"noopener noreferrer nofollow\" class=\"\">Cliquez ici<\/a>  pour lire notre article.<\/p>\n<p>08h10.Un Ukrainien champion du monde de boxe<\/p>\n<p class=\"live-post__amorce\">L&rsquo;Ukrainien Oleksandr Usyk est redevenu champion du monde r\u00e9unifi\u00e9 (WBA, WBC, WBO, IBF) des poids lourds apr\u00e8s sa victoire par KO au cinqui\u00e8me round sur le Britannique Daniel Dubois, samedi soir \u00e0 Wembley \u00e0 Londres. Le boxeur originaire de Crim\u00e9e, 38 ans, reste invaincu dans la cat\u00e9gorie reine au terme de son 24e succ\u00e8s, le 15e avant la limite. Samedi, il a ravi \u00e0 son adversaire la ceinture IBF pour redevenir le champion incontest\u00e9 qu&rsquo;il avait d\u00e9j\u00e0 \u00e9t\u00e9 d\u00e9but 2024.<\/p>\n<p>        <img decoding=\"async\" class=\"std-img__img responsive-img\" src=\"https:\/\/www.europesays.com\/fr\/wp-content\/uploads\/2025\/07\/1753051211_732_image.jpg\" alt=\"Oleksandr Usyk.\"\/><\/p>\n<p>                Oleksandr Usyk.<br \/>\n                                    AFP<\/p>\n<p>08h05.Des bombardements russes ont fait 3 morts en Ukraine samedi<\/p>\n<p class=\"live-post__amorce\">Des bombardements russes ont tu\u00e9 au moins personnes en Ukraine, ont annonc\u00e9 samedi. Un tir de missile a caus\u00e9 la mort d&rsquo;au moins 2 personnes dans la r\u00e9gion ukrainienne de Dnipropetrovsk. Un \u00e9tablissement m\u00e9dical, une \u00e9cole et une institution culturelle ont \u00e9t\u00e9 d\u00e9truits par cette attaque, des maisons ont \u00e9t\u00e9 endommag\u00e9es. Une personne a \u00e9t\u00e9 tu\u00e9e et six autres bless\u00e9es \u00e0 Odessa, au sud de l&rsquo;Ukraine, au cours d&rsquo;une attaque de drones.<\/p>\n<p>08h01.L&rsquo;Ukraine veut de nouveau discuter de paix la semaine prochaine<\/p>\n<p class=\"live-post__amorce\">\u00ab\u00a0Il faut relancer les n\u00e9gociations\u00a0\u00bb, a d\u00e9clar\u00e9 Volodymyr Zelensky dans son message quotidien aux Ukrainiens. Kiev a propos\u00e9 \u00e0 la Russie de nouveaux pourparlers la semaine prochaine, quelques jours apr\u00e8s avoir re\u00e7u de Donald Trump l&rsquo;assurance de la reprise de livraisons d&rsquo;armes am\u00e9ricaines. Moscou n&rsquo;a pas encore donn\u00e9 de r\u00e9ponse. Deux s\u00e9ances de n\u00e9gociations ont \u00e9t\u00e9 organis\u00e9s \u00e0 Istanbul ces derni\u00e8res semaines mais elles n&rsquo;ont permis de r\u00e9elles avanc\u00e9es sur l&rsquo;avenir de la guerre. Ukrainiens et Russes ont principalement n\u00e9goci\u00e9 l&rsquo;\u00e9changes de soldats captur\u00e9s.<\/p>\n<p>08h00.Bienvenue dans notre direct<\/p>\n<p class=\"live-post__amorce\">Suivez l&rsquo;actualit\u00e9 de la guerre en Ukraine, en direct toute la journ\u00e9e, ce dimanche 20 juillet 2025.<\/p>\n","protected":false},"excerpt":{"rendered":"23h00.Fin du direct C&rsquo;est la fin de ce direct, merci de l&rsquo;avoir suivi. 19h13.Moteur \u00e0 r\u00e9action, guidage infrarouge\u2026\u00a0Un&hellip;\n","protected":false},"author":2,"featured_media":262051,"comment_status":"","ping_status":"","sticky":false,"template":"","format":"standard","meta":{"footnotes":""},"categories":[1591],"tags":[11,1887,12,1885,1886,132],"class_list":{"0":"post-262050","1":"post","2":"type-post","3":"status-publish","4":"format-standard","5":"has-post-thumbnail","7":"category-russie","8":"tag-actualites","9":"tag-federation-de-russie","10":"tag-news","11":"tag-russia","12":"tag-russian-federation","13":"tag-russie"},"share_on_mastodon":{"url":"https:\/\/pubeurope.com\/@fr\/114887971551520323","error":""},"_links":{"self":[{"href":"https:\/\/www.europesays.com\/fr\/wp-json\/wp\/v2\/posts\/262050","targetHints":{"allow":["GET"]}}],"collection":[{"href":"https:\/\/www.europesays.com\/fr\/wp-json\/wp\/v2\/posts"}],"about":[{"href":"https:\/\/www.europesays.com\/fr\/wp-json\/wp\/v2\/types\/post"}],"author":[{"embeddable":true,"href":"https:\/\/www.europesays.com\/fr\/wp-json\/wp\/v2\/users\/2"}],"replies":[{"embeddable":true,"href":"https:\/\/www.europesays.com\/fr\/wp-json\/wp\/v2\/comments?post=262050"}],"version-history":[{"count":0,"href":"https:\/\/www.europesays.com\/fr\/wp-json\/wp\/v2\/posts\/262050\/revisions"}],"wp:featuredmedia":[{"embeddable":true,"href":"https:\/\/www.europesays.com\/fr\/wp-json\/wp\/v2\/media\/262051"}],"wp:attachment":[{"href":"https:\/\/www.europesays.com\/fr\/wp-json\/wp\/v2\/media?parent=262050"}],"wp:term":[{"taxonomy":"category","embeddable":true,"href":"https:\/\/www.europesays.com\/fr\/wp-json\/wp\/v2\/categories?post=262050"},{"taxonomy":"post_tag","embeddable":true,"href":"https:\/\/www.europesays.com\/fr\/wp-json\/wp\/v2\/tags?post=262050"}],"curies":[{"name":"wp","href":"https:\/\/api.w.org\/{rel}","templated":true}]}}