{"id":262052,"date":"2025-07-20T22:41:19","date_gmt":"2025-07-20T22:41:19","guid":{"rendered":"https:\/\/www.europesays.com\/fr\/262052\/"},"modified":"2025-07-20T22:41:19","modified_gmt":"2025-07-20T22:41:19","slug":"guerre-en-ukraine-un-ete-decisif","status":"publish","type":"post","link":"https:\/\/www.europesays.com\/fr\/262052\/","title":{"rendered":"\u00abGuerre en Ukraine, un \u00e9t\u00e9 d\u00e9cisif\u00bb"},"content":{"rendered":"<p>La survie de l\u2019Ukraine se joue \u00e0 pile ou face, selon les humeurs de Donald Trump. Lui qui avait promis d\u2019imposer la paix en 24 heures est de plus en plus frustr\u00e9 par Vladimir Poutine.<\/p>\n<p class=\"fig-paragraph\">Les Cassandre annoncent la\u00a0<a href=\"http:\/\/www.lefigaro.fr\/vox\/monde\/stephane-audoin-rouzeau-nous-sommes-dans-le-deni-de-la-defaite-de-l-ukraine-car-c-est-aussi-la-notre-20250715\" data-fig-type=\"Article\" data-gtm-custom-categorie=\"navigation\" data-gtm-custom-action=\"crossclick\" data-gtm-custom-label=\"Contextuel\" data-gtm-event=\"customEventSPE\" data-fig-domain=\"LEFIGARO\" target=\"_blank\" rel=\"noopener\">d\u00e9faite de l\u2019Ukraine<\/a>. La guerre serait d\u00e9j\u00e0 perdue. Seuls Kiev et ses alli\u00e9s occidentaux ne l\u2019auraient pas compris\u2026 Une sentence bien h\u00e2tive\u00a0! Certes, l\u2019Ukraine est en grande difficult\u00e9, mais sa situation n\u2019est pas encore d\u00e9sesp\u00e9r\u00e9e. L\u2019\u00e9t\u00e9 sera d\u00e9cisif pour son avenir.<\/p>\n<p class=\"fig-paragraph\">Depuis le printemps, la\u00a0<a href=\"http:\/\/www.lefigaro.fr\/conjoncture\/l-union-europeenne-degaine-de-nouvelles-sanctions-contre-la-russie-ciblees-sur-le-petrole-20250718\" data-fig-type=\"Article\" data-gtm-custom-categorie=\"navigation\" data-gtm-custom-action=\"crossclick\" data-gtm-custom-label=\"Contextuel\" data-gtm-event=\"customEventSPE\" data-fig-domain=\"LEFIGARO\" target=\"_blank\" rel=\"noopener\">Russie\u00a0<\/a>redouble d\u2019agressivit\u00e9 sur le front. Son arm\u00e9e continue de grignoter du terrain, mais au prix de pertes humaines colossales. Nulle part le long des 1000 kilom\u00e8tres de front les coups de boutoir de Moscou ne lui ont permis de percer les lignes ukrainiennes. Depuis le mois de mai, Vladimir Poutine attaque aussi en profondeur, intensifiant les frappes de longue port\u00e9e sur les villes \u00e0 coups de centaines de drones et de missiles, y compris dans l\u2019ouest du pays, pour casser le moral des Ukrainiens.<\/p>\n<blockquote class=\"fig-quote&#10;    \">\n<p class=\"fig-quote__text\">Poutine ne pliera que si le co\u00fbt de la guerre est plus fort que celui de la paix<\/p>\n<p>            Patrick Saint-Paul\n    <\/p><\/blockquote>\n<p class=\"fig-paragraph\">L\u2019effet est inverse. Car si le ma\u00eetre du Kremlin se bat pour conserver la mainmise sur son pays, les Ukrainiens se battent, eux, pour leur survie en tant que nation. Les zones\u2026<\/p>\n<p class=\"fig-premium-paywall__infos\">\n        Cet article est r\u00e9serv\u00e9 aux abonn\u00e9s.        Il vous reste 56% \u00e0 d\u00e9couvrir.\n    <\/p>\n<p>                <img  data- alt=\"Le Figaro\" class=\"fig-img--complete fig-img\"\/><\/p>\n<p class=\"fig-premium-paywall__title\">Vous avez envie de lire la suite ?<\/p>\n<p class=\"fig-premium-paywall__subtitle\">D\u00e9bloquez tous les articles imm\u00e9diatement.<\/p>\n<p class=\"fig-premium-paywall__connect\">\n                D\u00e9j\u00e0 abonn\u00e9\u00a0?                <a class=\"fig-premium-paywall__connect-link\" href=\"https:\/\/connect.lefigaro.fr\/login?client=horizon_web&amp;type=main&amp;redirect_uri=https%3A%2F%2Fwww.lefigaro.fr%2Fvox%2Fmonde%2Fl-editorial-de-patrick-saint-paul-guerre-en-ukraine-un-ete-decisif-20250720\" data-js-gtm=\"{&quot;customCategorie&quot;: &quot;conversion&quot;, &quot;customAction&quot;: &quot;before_Landing_Connexion_paywall_auto&quot;, &quot;customLabel&quot;: &quot;bGVmaWdhcm8uZnJfXzFmMDY1ODlkLTQzOGQtNjQyNC05MTkxLWU5MjNmYzIzOTg1Y19fQXJ0aWNsZQ==_L\u2019\u00e9ditorial de Patrick Saint-Paul\u00a0: \u00abGuerre en Ukraine, un \u00e9t\u00e9 d\u00e9cisif\u00bb_170&quot;, &quot;customIDSPE&quot;: &quot;bGVmaWdhcm8uZnJfXzFmMDY1ODlkLTQzOGQtNjQyNC05MTkxLWU5MjNmYzIzOTg1Y19fQXJ0aWNsZQ==&quot;, &quot;event&quot;: &quot;customEventSPE&quot;}\" target=\"_blank\" rel=\"noopener\"><br \/>\n                    Connectez-vous<br \/>\n                <\/a>\n            <\/p>\n","protected":false},"excerpt":{"rendered":"La survie de l\u2019Ukraine se joue \u00e0 pile ou face, selon les humeurs de Donald Trump. Lui qui&hellip;\n","protected":false},"author":2,"featured_media":262053,"comment_status":"","ping_status":"","sticky":false,"template":"","format":"standard","meta":{"footnotes":""},"categories":[1590],"tags":[11,75,8425,1777,674,131,12,132,220],"class_list":{"0":"post-262052","1":"post","2":"type-post","3":"status-publish","4":"format-standard","5":"has-post-thumbnail","7":"category-ukraine","8":"tag-actualites","9":"tag-donald-trump","10":"tag-editorial-figaro","11":"tag-eu","12":"tag-europe","13":"tag-guerre-en-ukraine","14":"tag-news","15":"tag-russie","16":"tag-ukraine"},"share_on_mastodon":{"url":"https:\/\/pubeurope.com\/@fr\/114887975414127621","error":""},"_links":{"self":[{"href":"https:\/\/www.europesays.com\/fr\/wp-json\/wp\/v2\/posts\/262052","targetHints":{"allow":["GET"]}}],"collection":[{"href":"https:\/\/www.europesays.com\/fr\/wp-json\/wp\/v2\/posts"}],"about":[{"href":"https:\/\/www.europesays.com\/fr\/wp-json\/wp\/v2\/types\/post"}],"author":[{"embeddable":true,"href":"https:\/\/www.europesays.com\/fr\/wp-json\/wp\/v2\/users\/2"}],"replies":[{"embeddable":true,"href":"https:\/\/www.europesays.com\/fr\/wp-json\/wp\/v2\/comments?post=262052"}],"version-history":[{"count":0,"href":"https:\/\/www.europesays.com\/fr\/wp-json\/wp\/v2\/posts\/262052\/revisions"}],"wp:featuredmedia":[{"embeddable":true,"href":"https:\/\/www.europesays.com\/fr\/wp-json\/wp\/v2\/media\/262053"}],"wp:attachment":[{"href":"https:\/\/www.europesays.com\/fr\/wp-json\/wp\/v2\/media?parent=262052"}],"wp:term":[{"taxonomy":"category","embeddable":true,"href":"https:\/\/www.europesays.com\/fr\/wp-json\/wp\/v2\/categories?post=262052"},{"taxonomy":"post_tag","embeddable":true,"href":"https:\/\/www.europesays.com\/fr\/wp-json\/wp\/v2\/tags?post=262052"}],"curies":[{"name":"wp","href":"https:\/\/api.w.org\/{rel}","templated":true}]}}