{"id":262060,"date":"2025-07-20T22:45:12","date_gmt":"2025-07-20T22:45:12","guid":{"rendered":"https:\/\/www.europesays.com\/fr\/262060\/"},"modified":"2025-07-20T22:45:12","modified_gmt":"2025-07-20T22:45:12","slug":"athletisme-champion-deurope-espoir-sur-100m-et-4x100m-jeff-erius-lorfevre","status":"publish","type":"post","link":"https:\/\/www.europesays.com\/fr\/262060\/","title":{"rendered":"Athl\u00e9tisme. Champion d&rsquo;Europe espoir sur 100m et 4x100m : Jeff Erius, l\u2019orf\u00e8vre"},"content":{"rendered":"<p>Dites-lui \u201cchampionnat\u201d, et le voil\u00e0 m\u00e9tamorphos\u00e9. Transfigur\u00e9, m\u00eame, au fil des jours. Et surtout lib\u00e9r\u00e9 depuis son premier titre individuel, vendredi. \u00ab\u00a0Il \u00e9tait s\u00fbr de lui, s\u00fbr de sa force, persuad\u00e9 qu\u2019il allait envoyer une grosse ligne droite\u00a0\u00bb, t\u00e9moigne son entra\u00eeneur au p\u00f4le espoir de Poitiers, Fabien Lambolez.<\/p>\n<p>Un gouffre derri\u00e8re lui<\/p>\n<p>Et quelle ligne droite\u00a0! <a href=\"https:\/\/www.dna.fr\/p\/jeff-erius\" target=\"_blank\" rel=\"nofollow noopener\">Jeff Erius<\/a> a \u00e9t\u00e9 chronom\u00e9tr\u00e9 en 9\u201d03 d\u00e9part lanc\u00e9\u00a0! R\u00e9ceptionnant&#8230;<\/p>\n","protected":false},"excerpt":{"rendered":"Dites-lui \u201cchampionnat\u201d, et le voil\u00e0 m\u00e9tamorphos\u00e9. Transfigur\u00e9, m\u00eame, au fil des jours. Et surtout lib\u00e9r\u00e9 depuis son premier&hellip;\n","protected":false},"author":2,"featured_media":262061,"comment_status":"","ping_status":"","sticky":false,"template":"","format":"standard","meta":{"footnotes":""},"categories":[1586],"tags":[11,4132,1777,674,107,1011,27,12,25,517],"class_list":{"0":"post-262060","1":"post","2":"type-post","3":"status-publish","4":"format-standard","5":"has-post-thumbnail","7":"category-europe","8":"tag-actualites","9":"tag-athletisme","10":"tag-eu","11":"tag-europe","12":"tag-fil-info","13":"tag-fr","14":"tag-france","15":"tag-news","16":"tag-republique-francaise","17":"tag-sport"},"share_on_mastodon":{"url":"https:\/\/pubeurope.com\/@fr\/114887991152338528","error":""},"_links":{"self":[{"href":"https:\/\/www.europesays.com\/fr\/wp-json\/wp\/v2\/posts\/262060","targetHints":{"allow":["GET"]}}],"collection":[{"href":"https:\/\/www.europesays.com\/fr\/wp-json\/wp\/v2\/posts"}],"about":[{"href":"https:\/\/www.europesays.com\/fr\/wp-json\/wp\/v2\/types\/post"}],"author":[{"embeddable":true,"href":"https:\/\/www.europesays.com\/fr\/wp-json\/wp\/v2\/users\/2"}],"replies":[{"embeddable":true,"href":"https:\/\/www.europesays.com\/fr\/wp-json\/wp\/v2\/comments?post=262060"}],"version-history":[{"count":0,"href":"https:\/\/www.europesays.com\/fr\/wp-json\/wp\/v2\/posts\/262060\/revisions"}],"wp:featuredmedia":[{"embeddable":true,"href":"https:\/\/www.europesays.com\/fr\/wp-json\/wp\/v2\/media\/262061"}],"wp:attachment":[{"href":"https:\/\/www.europesays.com\/fr\/wp-json\/wp\/v2\/media?parent=262060"}],"wp:term":[{"taxonomy":"category","embeddable":true,"href":"https:\/\/www.europesays.com\/fr\/wp-json\/wp\/v2\/categories?post=262060"},{"taxonomy":"post_tag","embeddable":true,"href":"https:\/\/www.europesays.com\/fr\/wp-json\/wp\/v2\/tags?post=262060"}],"curies":[{"name":"wp","href":"https:\/\/api.w.org\/{rel}","templated":true}]}}