{"id":262066,"date":"2025-07-20T22:48:11","date_gmt":"2025-07-20T22:48:11","guid":{"rendered":"https:\/\/www.europesays.com\/fr\/262066\/"},"modified":"2025-07-20T22:48:11","modified_gmt":"2025-07-20T22:48:11","slug":"des-orages-violents-et-impressionnants-en-saone-et-loire-au-moins-un-mort-et-un-blesse-grave","status":"publish","type":"post","link":"https:\/\/www.europesays.com\/fr\/262066\/","title":{"rendered":"Des orages violents et impressionnants en Sa\u00f4ne-et-Loire, au moins un mort et un bless\u00e9 grave"},"content":{"rendered":"<p>        <img decoding=\"async\" loading=\"lazy\" src=\"https:\/\/www.europesays.com\/fr\/wp-content\/uploads\/2025\/07\/fac0cc9_1662525827195-000-par855611.jpg\"  width=\"728\" height=\"409\" alt=\"Au cours des violents orages qui frappent l\u2019est de la France, une personne est d\u00e9c\u00e9d\u00e9e ce dimanche 20\u00a0juillet. (Photo d\u2019illustration : La foudre tombe sur une ligne \u00e9lectrique, le 27 juillet 2006 \u00e0 Toulouse.)\"\/>  <\/p>\n<p>LIONEL BONAVENTURE \/ AFP<\/p>\n<p>Au cours des violents orages qui frappent l\u2019est de la France, une personne est d\u00e9c\u00e9d\u00e9e ce dimanche 20\u00a0juillet. (Photo d\u2019illustration : La foudre tombe sur une ligne \u00e9lectrique, le 27 juillet 2006 \u00e0 Toulouse.)<\/p>\n<p class=\"asset asset-text\">FAITS DIVERS &#8211; Toitures arrach\u00e9es, arbres d\u00e9racin\u00e9s&#8230; Au cours des violents<a href=\"https:\/\/www.huffingtonpost.fr\/france\/article\/orages-six-departements-dans-l-est-en-vigilance-orange-ce-dimanche-apres-midi_252781.html\" rel=\"nofollow noopener\" target=\"_blank\"> orages<\/a> qui frappent l\u2019est de la France, une personne est d\u00e9c\u00e9d\u00e9e en tombant de son \u00e9chelle et une autre a \u00e9t\u00e9 gravement bless\u00e9e ce dimanche 20\u00a0juillet apr\u00e8s-midi en <a href=\"https:\/\/www.huffingtonpost.fr\/faits-divers\/article\/en-saone-et-loire-un-grave-accident-de-voiture-fait-un-mort-et-4-blesses-apres-avoir-ete-suivi-par-la-police_252159.html\" rel=\"nofollow noopener\" target=\"_blank\">Sa\u00f4ne-et-Loire<\/a>, ont indiqu\u00e9 les pompiers.<\/p>\n<p class=\"asset asset-text\">La victime \u00ab\u00a0est tomb\u00e9e de son \u00e9chelle de 5 m\u00e8tres\u00a0\u00bb sur la commune de Saint-Cyr au cours d\u2019une \u00ab\u00a0intervention\u00a0\u00bb sur son toit, un accident \u00ab\u00a0en lien avec l\u2019\u00e9pisode orageux en cours\u00a0\u00bb, ont pr\u00e9cis\u00e9 les soldats du feu \u00e0 l\u2019AFP, sans donner plus de d\u00e9tails.<\/p>\n<p class=\"asset asset-text\">Une autre personne est tomb\u00e9e de son toit et a \u00e9t\u00e9 prise en charge par les secours dans un \u00e9tat \u00ab\u00a0grave\u00a0\u00bb sur la commune de Devrouze.<\/p>\n<p>    Averses de gr\u00eale dans l\u2019Allier    <\/p>\n<p class=\"asset asset-text\">La Sa\u00f4ne-et-Loire, en vigilance orange orage de 13\u00a0h\u00a000 et 18\u00a0h\u00a000 dimanche, a subi de nombreux d\u00e9g\u00e2ts notamment sur des toitures, endommag\u00e9es ou envol\u00e9es<strong>, comme vous le pouvez le voir sur les images ci-dessous<\/strong>.<\/p>\n<p> La lecture de ce contenu est susceptible d\u2019entra\u00eener un d\u00e9p\u00f4t de cookies de la part de l\u2019op\u00e9rateur tiers qui l\u2019h\u00e9berge. Compte-tenu des choix que vous avez exprim\u00e9s en mati\u00e8re de d\u00e9p\u00f4t de cookies, nous avons bloqu\u00e9 l\u2019affichage de ce contenu. Si vous souhaitez y acc\u00e9der, vous devez accepter la cat\u00e9gorie de cookies \u201cContenus tiers\u201d en cliquant sur le bouton ci-dessous. <\/p>\n<p> Lire la Vid\u00e9o           <\/p>\n<p> La lecture de ce contenu est susceptible d\u2019entra\u00eener un d\u00e9p\u00f4t de cookies de la part de l\u2019op\u00e9rateur tiers qui l\u2019h\u00e9berge. Compte-tenu des choix que vous avez exprim\u00e9s en mati\u00e8re de d\u00e9p\u00f4t de cookies, nous avons bloqu\u00e9 l\u2019affichage de ce contenu. Si vous souhaitez y acc\u00e9der, vous devez accepter la cat\u00e9gorie de cookies \u201cContenus tiers\u201d en cliquant sur le bouton ci-dessous. <\/p>\n<p> Lire la Vid\u00e9o        <\/p>\n<p class=\"asset asset-text\">Des lignes \u00e9lectriques sont aussi tomb\u00e9es sur la voie publique, ont pr\u00e9cis\u00e9 les pompiers, qui ont comptabilis\u00e9 280 interventions.<\/p>\n<p> La lecture de ce contenu est susceptible d\u2019entra\u00eener un d\u00e9p\u00f4t de cookies de la part de l\u2019op\u00e9rateur tiers qui l\u2019h\u00e9berge. Compte-tenu des choix que vous avez exprim\u00e9s en mati\u00e8re de d\u00e9p\u00f4t de cookies, nous avons bloqu\u00e9 l\u2019affichage de ce contenu. Si vous souhaitez y acc\u00e9der, vous devez accepter la cat\u00e9gorie de cookies \u201cContenus tiers\u201d en cliquant sur le bouton ci-dessous. <\/p>\n<p> Lire la Vid\u00e9o        <\/p>\n<p class=\"asset asset-text\">Dans le d\u00e9partement voisin de l\u2019Allier, des averses de gr\u00eale ont \u00e9galement fait de nombreux d\u00e9g\u00e2ts mat\u00e9riels, avec des arbres chutant sur des axes routiers.<\/p>\n<p> La lecture de ce contenu est susceptible d\u2019entra\u00eener un d\u00e9p\u00f4t de cookies de la part de l\u2019op\u00e9rateur tiers qui l\u2019h\u00e9berge. Compte-tenu des choix que vous avez exprim\u00e9s en mati\u00e8re de d\u00e9p\u00f4t de cookies, nous avons bloqu\u00e9 l\u2019affichage de ce contenu. Si vous souhaitez y acc\u00e9der, vous devez accepter la cat\u00e9gorie de cookies \u201cContenus tiers\u201d en cliquant sur le bouton ci-dessous. <\/p>\n<p> Lire la Vid\u00e9o        <\/p>\n<p class=\"asset asset-text\">Treize d\u00e9partements du sud-est restent en vigilance orange pour orages dimanche soir selon le dernier bulletin de M\u00e9t\u00e9o-France publi\u00e9 \u00e0 20\u00a0h.<\/p>\n","protected":false},"excerpt":{"rendered":"LIONEL BONAVENTURE \/ AFP Au cours des violents orages qui frappent l\u2019est de la France, une personne est&hellip;\n","protected":false},"author":2,"featured_media":262067,"comment_status":"","ping_status":"","sticky":false,"template":"","format":"standard","meta":{"footnotes":""},"categories":[2],"tags":[11,118,1011,27,2487,2357,12,4594,25],"class_list":{"0":"post-262066","1":"post","2":"type-post","3":"status-publish","4":"format-standard","5":"has-post-thumbnail","7":"category-actualites","8":"tag-actualites","9":"tag-faits-divers","10":"tag-fr","11":"tag-france","12":"tag-meteo","13":"tag-meteo-france","14":"tag-news","15":"tag-orages","16":"tag-republique-francaise"},"share_on_mastodon":{"url":"https:\/\/pubeurope.com\/@fr\/114888003222373634","error":""},"_links":{"self":[{"href":"https:\/\/www.europesays.com\/fr\/wp-json\/wp\/v2\/posts\/262066","targetHints":{"allow":["GET"]}}],"collection":[{"href":"https:\/\/www.europesays.com\/fr\/wp-json\/wp\/v2\/posts"}],"about":[{"href":"https:\/\/www.europesays.com\/fr\/wp-json\/wp\/v2\/types\/post"}],"author":[{"embeddable":true,"href":"https:\/\/www.europesays.com\/fr\/wp-json\/wp\/v2\/users\/2"}],"replies":[{"embeddable":true,"href":"https:\/\/www.europesays.com\/fr\/wp-json\/wp\/v2\/comments?post=262066"}],"version-history":[{"count":0,"href":"https:\/\/www.europesays.com\/fr\/wp-json\/wp\/v2\/posts\/262066\/revisions"}],"wp:featuredmedia":[{"embeddable":true,"href":"https:\/\/www.europesays.com\/fr\/wp-json\/wp\/v2\/media\/262067"}],"wp:attachment":[{"href":"https:\/\/www.europesays.com\/fr\/wp-json\/wp\/v2\/media?parent=262066"}],"wp:term":[{"taxonomy":"category","embeddable":true,"href":"https:\/\/www.europesays.com\/fr\/wp-json\/wp\/v2\/categories?post=262066"},{"taxonomy":"post_tag","embeddable":true,"href":"https:\/\/www.europesays.com\/fr\/wp-json\/wp\/v2\/tags?post=262066"}],"curies":[{"name":"wp","href":"https:\/\/api.w.org\/{rel}","templated":true}]}}