{"id":262068,"date":"2025-07-20T22:49:16","date_gmt":"2025-07-20T22:49:16","guid":{"rendered":"https:\/\/www.europesays.com\/fr\/262068\/"},"modified":"2025-07-20T22:49:16","modified_gmt":"2025-07-20T22:49:16","slug":"la-france-battue-sur-le-fil-par-la-pologne-avant-la-phase-finale","status":"publish","type":"post","link":"https:\/\/www.europesays.com\/fr\/262068\/","title":{"rendered":"la France battue sur le fil par la Pologne avant la phase finale"},"content":{"rendered":"<p>Les Bleus ont arrach\u00e9 le tie-break mais ont finalement \u00e9t\u00e9 battus par la Pologne (3-2: 30-32, 25-20, 20-25,25-23, 15-12) pour son dernier match de tour pr\u00e9liminaire de Ligue des nations. <\/p>\n<p>D\u00e9j\u00e0 qualifi\u00e9s pour la phase finale, qui d\u00e9butera le 30 juillet en Chine, \u00e0 la faveur de leur victoire contre l&rsquo;Iran samedi, les Fran\u00e7ais ont connu un l\u00e9ger accroc \u00e0 l&rsquo;issue d&rsquo;une troisi\u00e8me semaine de VNL jusqu&rsquo;ici impeccable (trois victoires en trois rencontres).<\/p>\n<p>Les doubles champions olympiques en titre, qui terminent \u00e0 la 3e place, ont fini par craquer alors que la rencontre a longtemps \u00e9t\u00e9 ind\u00e9cise entre les<a href=\"https:\/\/www.dna.fr\/jeux-olympiques\/2024\/08\/10\/volley-les-bleus-n-ont-laisse-aucune-miette-pour-conserver-leur-titre\" target=\"_blank\" rel=\"nofollow noopener\"> deux finalistes des Jeux de Paris-2024<\/a>. La premiere manche, emport\u00e9e par les Polonais au bout du suspense (32-30), et apr\u00e8s sept balles de set \u00e9cart\u00e9es par les co\u00e9quipiers de Mathis Henno et Mousse Gueye, en est une bonne illustration.<\/p>\n<p>Cuba en quarts de finale<\/p>\n<p>Aid\u00e9s par un excellent Antoine Brizard &#8211; quand Th\u00e9o Faure a encore r\u00e9alis\u00e9 un gros match avec 28 points -, les Bleus n&rsquo;ont jamais l\u00e2ch\u00e9 la rencontre. Et bien que mal partis dans le quatri\u00e8me set, ils ont finalement eu le dernier mot &#8211; gr\u00e2ce \u00e0 Brizard &#8211; pour aller chercher le set d\u00e9cisif contre la bande de Wilfredo Leon. Ce dernier a n\u00e9anmoins fait la diff\u00e9rence (30 points) pour permettre \u00e0 la Pologne, elle aussi qualifi\u00e9e avant le coup d&rsquo;envoi, de l&#8217;emporter devant son public.<\/p>\n<p>Avec le retour de leurs cadres, les volleyeurs tricolores se tourneront d\u00e8s la semaine prochaine vers les quarts de finale o\u00f9 ils affronteront le Cuba, <a href=\"https:\/\/www.dna.fr\/sport\/2025\/07\/18\/ligue-des-nations-les-bleus-renversent-cuba-et-se-rapprochent-de-la-phase-finale\" target=\"_blank\" rel=\"nofollow noopener\">qu&rsquo;ils ont d\u00e9j\u00e0 battus vendredi<\/a>, et tenteront de <a href=\"https:\/\/www.dna.fr\/sport\/2024\/06\/30\/la-france-remporte-la-ligue-des-nations-pour-la-quatrieme-fois\" target=\"_blank\" rel=\"nofollow noopener\">conserver leur couronne<\/a> avant <a href=\"https:\/\/www.dna.fr\/sport\/2025\/01\/03\/pas-de-jo-mais-des-euros-et-des-mondiaux-les-grands-rendez-vous-sportifs-de-2025\" target=\"_blank\" rel=\"nofollow noopener\">le Mondial aux Philippines (12-23 septembre).<\/a><\/p>\n","protected":false},"excerpt":{"rendered":"Les Bleus ont arrach\u00e9 le tie-break mais ont finalement \u00e9t\u00e9 battus par la Pologne (3-2: 30-32, 25-20, 20-25,25-23,&hellip;\n","protected":false},"author":2,"featured_media":262069,"comment_status":"","ping_status":"","sticky":false,"template":"","format":"standard","meta":{"footnotes":""},"categories":[4],"tags":[11,107,1011,27,12,25,517,1947,1632],"class_list":{"0":"post-262068","1":"post","2":"type-post","3":"status-publish","4":"format-standard","5":"has-post-thumbnail","7":"category-france","8":"tag-actualites","9":"tag-fil-info","10":"tag-fr","11":"tag-france","12":"tag-news","13":"tag-republique-francaise","14":"tag-sport","15":"tag-sport-national","16":"tag-volley-ball"},"share_on_mastodon":{"url":"https:\/\/pubeurope.com\/@fr\/114888007086152162","error":""},"_links":{"self":[{"href":"https:\/\/www.europesays.com\/fr\/wp-json\/wp\/v2\/posts\/262068","targetHints":{"allow":["GET"]}}],"collection":[{"href":"https:\/\/www.europesays.com\/fr\/wp-json\/wp\/v2\/posts"}],"about":[{"href":"https:\/\/www.europesays.com\/fr\/wp-json\/wp\/v2\/types\/post"}],"author":[{"embeddable":true,"href":"https:\/\/www.europesays.com\/fr\/wp-json\/wp\/v2\/users\/2"}],"replies":[{"embeddable":true,"href":"https:\/\/www.europesays.com\/fr\/wp-json\/wp\/v2\/comments?post=262068"}],"version-history":[{"count":0,"href":"https:\/\/www.europesays.com\/fr\/wp-json\/wp\/v2\/posts\/262068\/revisions"}],"wp:featuredmedia":[{"embeddable":true,"href":"https:\/\/www.europesays.com\/fr\/wp-json\/wp\/v2\/media\/262069"}],"wp:attachment":[{"href":"https:\/\/www.europesays.com\/fr\/wp-json\/wp\/v2\/media?parent=262068"}],"wp:term":[{"taxonomy":"category","embeddable":true,"href":"https:\/\/www.europesays.com\/fr\/wp-json\/wp\/v2\/categories?post=262068"},{"taxonomy":"post_tag","embeddable":true,"href":"https:\/\/www.europesays.com\/fr\/wp-json\/wp\/v2\/tags?post=262068"}],"curies":[{"name":"wp","href":"https:\/\/api.w.org\/{rel}","templated":true}]}}