{"id":26207,"date":"2025-04-15T08:50:26","date_gmt":"2025-04-15T08:50:26","guid":{"rendered":"https:\/\/www.europesays.com\/fr\/26207\/"},"modified":"2025-04-15T08:50:26","modified_gmt":"2025-04-15T08:50:26","slug":"a-damgan-deja-plus-de-300-livres-vendus-a-la-braderie-de-la-bibliotheque","status":"publish","type":"post","link":"https:\/\/www.europesays.com\/fr\/26207\/","title":{"rendered":"\u00c0 Damgan, d\u00e9j\u00e0 plus de 300\u00a0livres vendus \u00e0 la braderie de la biblioth\u00e8que"},"content":{"rendered":"<p>La biblioth\u00e8que de Damgan organise, chaque ann\u00e9e, une braderie de livres. Ouverte \u00e0 tous, elle se d\u00e9roule du 8 au 19 avril, pour offrir une seconde vie aux documents sortis des collections. \u00c0 son ouverture, elle proposait pr\u00e8s de 500 documents \u00e0 la vente \u00e0 1 \u20ac. Au bilan des premiers jours\u00a0: 115 visiteurs et environ 320 livres et BD ont \u00e9t\u00e9 vendus.<\/p>\n<p>D\u2019autres animations organis\u00e9es<\/p>\n<p>Par ailleurs, \u00e0 l\u2019occasion de l\u2019arriv\u00e9e du printemps, jeudi 10 avril, la biblioth\u00e8que a accueilli <a href=\"https:\/\/www.letelegramme.fr\/morbihan\/damgan-56750\/un-atelier-floral-a-la-bibliotheque-de-damgan-6485567.php\" title=\"www.letelegramme.fr\" rel=\"nofollow noopener\" target=\"_blank\">une nouvelle fois l\u2019atelier d\u2019art floral d\u2019Yveline Martin<\/a>. Avec le soleil, celui-ci s\u2019est d\u00e9roul\u00e9 dans la cour de la biblioth\u00e8que. Huit participants ont pu cr\u00e9er leurs compositions printani\u00e8res sur assiette \u00e0 l\u2019aide de v\u00e9g\u00e9taux de saison (tulipes, lys, foug\u00e8res et \u00e9corces d\u2019eucalyptus).<\/p>\n","protected":false},"excerpt":{"rendered":"La biblioth\u00e8que de Damgan organise, chaque ann\u00e9e, une braderie de livres. Ouverte \u00e0 tous, elle se d\u00e9roule du&hellip;\n","protected":false},"author":2,"featured_media":26208,"comment_status":"","ping_status":"","sticky":false,"template":"","format":"standard","meta":{"footnotes":""},"categories":[1357],"tags":[1379,9330,58,59,1011,27,1380],"class_list":{"0":"post-26207","1":"post","2":"type-post","3":"status-publish","4":"format-standard","5":"has-post-thumbnail","7":"category-livres","8":"tag-books","9":"tag-damgan","10":"tag-divertissement","11":"tag-entertainment","12":"tag-fr","13":"tag-france","14":"tag-livres"},"share_on_mastodon":{"url":"https:\/\/pubeurope.com\/@fr\/114341126088667176","error":""},"_links":{"self":[{"href":"https:\/\/www.europesays.com\/fr\/wp-json\/wp\/v2\/posts\/26207","targetHints":{"allow":["GET"]}}],"collection":[{"href":"https:\/\/www.europesays.com\/fr\/wp-json\/wp\/v2\/posts"}],"about":[{"href":"https:\/\/www.europesays.com\/fr\/wp-json\/wp\/v2\/types\/post"}],"author":[{"embeddable":true,"href":"https:\/\/www.europesays.com\/fr\/wp-json\/wp\/v2\/users\/2"}],"replies":[{"embeddable":true,"href":"https:\/\/www.europesays.com\/fr\/wp-json\/wp\/v2\/comments?post=26207"}],"version-history":[{"count":0,"href":"https:\/\/www.europesays.com\/fr\/wp-json\/wp\/v2\/posts\/26207\/revisions"}],"wp:featuredmedia":[{"embeddable":true,"href":"https:\/\/www.europesays.com\/fr\/wp-json\/wp\/v2\/media\/26208"}],"wp:attachment":[{"href":"https:\/\/www.europesays.com\/fr\/wp-json\/wp\/v2\/media?parent=26207"}],"wp:term":[{"taxonomy":"category","embeddable":true,"href":"https:\/\/www.europesays.com\/fr\/wp-json\/wp\/v2\/categories?post=26207"},{"taxonomy":"post_tag","embeddable":true,"href":"https:\/\/www.europesays.com\/fr\/wp-json\/wp\/v2\/tags?post=26207"}],"curies":[{"name":"wp","href":"https:\/\/api.w.org\/{rel}","templated":true}]}}