{"id":262072,"date":"2025-07-20T22:52:12","date_gmt":"2025-07-20T22:52:12","guid":{"rendered":"https:\/\/www.europesays.com\/fr\/262072\/"},"modified":"2025-07-20T22:52:12","modified_gmt":"2025-07-20T22:52:12","slug":"pro-d2-avec-philippe-saint-andre-aix-a-ouvert-sa-nouvelle-ere","status":"publish","type":"post","link":"https:\/\/www.europesays.com\/fr\/262072\/","title":{"rendered":"Pro D2 \u2013 Avec Philippe Saint-Andr\u00e9, Aix a ouvert sa nouvelle \u00e8re"},"content":{"rendered":"<p>\n                Accompagn\u00e9 de Denis Philipon, le nouveau directeur sportif Philippe Saint-Andr\u00e9 a \u00e9t\u00e9 pr\u00e9sent\u00e9 \u00e0 la presse et \u00e0 2500 supporters. Plus que jamais, les Proven\u00e7aux r\u00eavent d\u2019acc\u00e9der au Top 14.\n            <\/p>\n<p>Sous un soleil de plomb, Provence Rugby a fait sa rentr\u00e9e m\u00e9diatique. Contrairement aux saisons pr\u00e9c\u00e9dentes, les Noirs ont r\u00e9alis\u00e9 une entorse \u00e0 leur \u00ab\u00a0habitude\u00a0\u00bb dixit le pr\u00e9sident Denis Philipon. Discret, le fondateur de Voyage Priv\u00e9 est venu devant les m\u00e9dias pour justifier son choix d\u2019avoir engag\u00e9 Philippe Saint-Andr\u00e9.<\/p>\n<p>L\u2019ex-s\u00e9lectionneur du XV de France a \u00e9t\u00e9 nomm\u00e9 directeur sportif, mais il aura aussi, dans un premier temps, la casquette de manager. \u00ab\u00a0Je suis tr\u00e8s fier d\u2019accueillir Philippe, que je connais depuis une dizaine d\u2019ann\u00e9es, pour ce nouveau cycle. J\u2019ai \u00e9t\u00e9 s\u00e9duit par son management fin et particulier. Le rugby ne se fait pas en un jour, et nous continuerons \u00e0 pr\u00f4ner humilit\u00e9 et ambition. Nous sommes anim\u00e9s par le fait d\u2019emmener le club au plus haut niveau. L\u2019\u00e9ch\u00e9ance, personne ne la conna\u00eet. N\u00e9anmoins, avec l\u2019arriv\u00e9e de Philippe, nous envoyons un signal fort sur le plan sportif, mais aussi sur le plan humain. On veut monter, et pour cela, nous avons fait venir l\u2019un des plus grands techniciens fran\u00e7ais.\u00a0\u00bb<\/p>\n<p>\u00ab\u00a0PSA\u00a0\u00bb\u00a0: \u00ab\u00a0Je suis venu pour apporter un niveau d\u2019exigence, un v\u00e9cu\u00a0\u00bb<\/p>\n<p>\u00c9loign\u00e9 des terrains depuis sa fin d\u2019aventure \u00e0 Montpellier en 2023, le n\u00e9o-directeur sportif a estim\u00e9 \u00eatre pleinement \u00ab\u00a0r\u00e9g\u00e9n\u00e9r\u00e9\u00a0\u00bb et \u00ab\u00a0recharg\u00e9\u00a0\u00bb \u00e0 l\u2019aube de ce nouveau d\u00e9fi. \u00ab\u00a0Les plan\u00e8tes \u00e9taient align\u00e9es pour que je vienne. J\u2019arrive ici avec de l\u2019\u00e9nergie et avec beaucoup de passion, car il en faut dans ce m\u00e9tier. J\u2019ai beaucoup d\u2019enthousiasme, mais aussi d\u2019humilit\u00e9. Je ne connais pas la deuxi\u00e8me division. Je vais la d\u00e9couvrir au sein d\u2019un club qui \u00e9volue chaque ann\u00e9e.\u00a0\u00bb<\/p>\n<p>Dans la coulisse, le natif de Romans-sur-Is\u00e8re, qui est notamment venu avec S\u00e9bastien Fouassier (entra\u00eeneur des avants) et Alex Marco (directeur de la performance), a d\u00e9j\u00e0 mis sa patte. La salle de musculation a \u00e9t\u00e9 grandement modifi\u00e9e et la nutrition a \u00e9t\u00e9 revue dans les grandes largeurs. Les joueurs, qui commencent leur journ\u00e9e \u00e0 7\u00a0heures, prennent d\u00e9sormais deux repas au sein du club. \u00ab\u00a0Les journ\u00e9es sont dures et intenses, mais parfois plus courtes que ce que les joueurs ont pu conna\u00eetre. Si on s\u2019entra\u00eene comme \u00e7a, et si on g\u00e8re autant la nutrition, c\u2019est aussi pour \u00eatre plus aff\u00fbt\u00e9 et avoir moins de blessures. On est en train de se construire la caisse pour pouvoir encha\u00eener. Le tr\u00e8s haut niveau est l\u2019association de petits d\u00e9tails. Je suis venu \u00e0 Provence Rugby pour apporter un niveau d\u2019exigence, un v\u00e9cu dans un club encore jeune. [\u2026] L\u2019exp\u00e9rience et l\u2019histoire sont dures \u00e0 acqu\u00e9rir. Maintenant, on doit continuer \u00e0 construire avec un public qui doit \u00eatre le 16e homme, mais je ne suis pas inquiet car je sens un engouement incroyable.\u00a0\u00bb<\/p>\n","protected":false},"excerpt":{"rendered":"Accompagn\u00e9 de Denis Philipon, le nouveau directeur sportif Philippe Saint-Andr\u00e9 a \u00e9t\u00e9 pr\u00e9sent\u00e9 \u00e0 la presse et \u00e0&hellip;\n","protected":false},"author":2,"featured_media":262073,"comment_status":"","ping_status":"","sticky":false,"template":"","format":"standard","meta":{"footnotes":""},"categories":[1416],"tags":[1011,27,479,1468,60],"class_list":{"0":"post-262072","1":"post","2":"type-post","3":"status-publish","4":"format-standard","5":"has-post-thumbnail","7":"category-rugby","8":"tag-fr","9":"tag-france","10":"tag-rugby","11":"tag-rugby-football","12":"tag-sports"},"share_on_mastodon":{"url":"https:\/\/pubeurope.com\/@fr\/114888018717370933","error":""},"_links":{"self":[{"href":"https:\/\/www.europesays.com\/fr\/wp-json\/wp\/v2\/posts\/262072","targetHints":{"allow":["GET"]}}],"collection":[{"href":"https:\/\/www.europesays.com\/fr\/wp-json\/wp\/v2\/posts"}],"about":[{"href":"https:\/\/www.europesays.com\/fr\/wp-json\/wp\/v2\/types\/post"}],"author":[{"embeddable":true,"href":"https:\/\/www.europesays.com\/fr\/wp-json\/wp\/v2\/users\/2"}],"replies":[{"embeddable":true,"href":"https:\/\/www.europesays.com\/fr\/wp-json\/wp\/v2\/comments?post=262072"}],"version-history":[{"count":0,"href":"https:\/\/www.europesays.com\/fr\/wp-json\/wp\/v2\/posts\/262072\/revisions"}],"wp:featuredmedia":[{"embeddable":true,"href":"https:\/\/www.europesays.com\/fr\/wp-json\/wp\/v2\/media\/262073"}],"wp:attachment":[{"href":"https:\/\/www.europesays.com\/fr\/wp-json\/wp\/v2\/media?parent=262072"}],"wp:term":[{"taxonomy":"category","embeddable":true,"href":"https:\/\/www.europesays.com\/fr\/wp-json\/wp\/v2\/categories?post=262072"},{"taxonomy":"post_tag","embeddable":true,"href":"https:\/\/www.europesays.com\/fr\/wp-json\/wp\/v2\/tags?post=262072"}],"curies":[{"name":"wp","href":"https:\/\/api.w.org\/{rel}","templated":true}]}}