{"id":262074,"date":"2025-07-20T22:53:11","date_gmt":"2025-07-20T22:53:11","guid":{"rendered":"https:\/\/www.europesays.com\/fr\/262074\/"},"modified":"2025-07-20T22:53:11","modified_gmt":"2025-07-20T22:53:11","slug":"toronto-alcaraz-forfait-egalement","status":"publish","type":"post","link":"https:\/\/www.europesays.com\/fr\/262074\/","title":{"rendered":"Toronto : Alcaraz forfait \u00e9galement !"},"content":{"rendered":"<p class=\"date\">\n                                                            Faraj Benlahoucine, Media365, publi\u00e9 le dimanche 20 juillet 2025 \u00e0 21h59\n                                                    <\/p>\n<p>A l&rsquo;instar de Jannik Sinner, Novak Djokovic et Jack Draper, Carlos Alcaraz ne participera pas au Masters 1000 de Toronto cette ann\u00e9e. Le n\u00b02 mondial souhaite recharger ses batteries \u00e0 un mois de l&rsquo;US Open.<\/p>\n<p>Ce dimanche, le compte officiel du Masters 1000 de Toronto sur X a annonc\u00e9 les forfaits cette ann\u00e9e de Jannik Sinner, Novak Djokovic et Jack Draper. Le tournoi canadien d\u00e9butant le 27 juillet arrive trop t\u00f4t apr\u00e8s la finale de Wimbledon, disput\u00e9e la semaine pass\u00e9e. Si Jack Draper a renonc\u00e9 en raison d&rsquo;une blessure au bras, en revanche le Serbe ainsi que le n\u00b01 mondial, titr\u00e9 pour la premi\u00e8re fois cette ann\u00e9e sur le gazon londonien, ont fait l&rsquo;impasse, privil\u00e9giant la r\u00e9cup\u00e9ration.<\/p>\n<p>Une trajectoire emprunt\u00e9e \u00e9galement par Carlos Alcaraz. Selon Marca, le finaliste malheureux de Wimbledon a \u00ab \u00e9cout\u00e9 son corps et va donner la priorit\u00e9 au repos afin d&rsquo;arriver dans les meilleures conditions possibles \u00e0 l&rsquo;US Open \u00bb peut-on lire dans les colonnes du quotidien ib\u00e8re. Un tournoi du Grand Chelem am\u00e9ricain qu&rsquo;il a soulev\u00e9 en 2022 et qu&rsquo;il ambitionne naturellement de gagner \u00e0 nouveau. A fortiori apr\u00e8s son \u00e9limination pr\u00e9coce l&rsquo;ann\u00e9e derni\u00e8re au second tour en trois manches face au N\u00e9erlandais Botic van de Zandschulp.<\/p>\n<p>Du travail physique pour Alcaraz avant de reprendre raquette en main<\/p>\n<p>Marca a \u00e9galement r\u00e9v\u00e9l\u00e9 que la semaine prochaine le n\u00b02 mondial reprendra le chemin de l&rsquo;entra\u00eenement purement physique. L&rsquo;Espagnol retrouvera le chemin du court seulement la semaine suivante, soit une semaine avant le lancement du Masters 1000 de Cincinnati (du 7 au 18 ao\u00fbt) o\u00f9 il renouera avec la comp\u00e9tition. Dans l&rsquo;Ohio il sera accompagn\u00e9 de Samuel Lopez. Ce dernier rendra ensuite son tablier de coach, juste avant l&rsquo;US Open, o\u00f9 Juan Carlos Ferrero reprendra du service aux c\u00f4t\u00e9s du laur\u00e9at de l&rsquo;\u00e9dition 2022.<\/p>\n<p>Le Masters 1000 de Toronto enregistre son quatri\u00e8me forfait de taille ce dimanche, un quatri\u00e8me pensionnaire du top 10 qui manquera \u00e0 l&rsquo;appel. \u00c0 ce rythme, et au vu des conditions \u00e9voqu\u00e9es par les joueurs concern\u00e9s, il ne serait pas \u00e9tonnant que cette liste s&rsquo;allonge avant le coup d&rsquo;envoi du tournoi.<\/p>\n","protected":false},"excerpt":{"rendered":"Faraj Benlahoucine, Media365, publi\u00e9 le dimanche 20 juillet 2025 \u00e0 21h59 A l&rsquo;instar de Jannik Sinner, Novak Djokovic&hellip;\n","protected":false},"author":2,"featured_media":262075,"comment_status":"","ping_status":"","sticky":false,"template":"","format":"standard","meta":{"footnotes":""},"categories":[1415],"tags":[1011,27,60,1467],"class_list":{"0":"post-262074","1":"post","2":"type-post","3":"status-publish","4":"format-standard","5":"has-post-thumbnail","7":"category-tennis","8":"tag-fr","9":"tag-france","10":"tag-sports","11":"tag-tennis"},"share_on_mastodon":{"url":"https:\/\/pubeurope.com\/@fr\/114888022577825481","error":""},"_links":{"self":[{"href":"https:\/\/www.europesays.com\/fr\/wp-json\/wp\/v2\/posts\/262074","targetHints":{"allow":["GET"]}}],"collection":[{"href":"https:\/\/www.europesays.com\/fr\/wp-json\/wp\/v2\/posts"}],"about":[{"href":"https:\/\/www.europesays.com\/fr\/wp-json\/wp\/v2\/types\/post"}],"author":[{"embeddable":true,"href":"https:\/\/www.europesays.com\/fr\/wp-json\/wp\/v2\/users\/2"}],"replies":[{"embeddable":true,"href":"https:\/\/www.europesays.com\/fr\/wp-json\/wp\/v2\/comments?post=262074"}],"version-history":[{"count":0,"href":"https:\/\/www.europesays.com\/fr\/wp-json\/wp\/v2\/posts\/262074\/revisions"}],"wp:featuredmedia":[{"embeddable":true,"href":"https:\/\/www.europesays.com\/fr\/wp-json\/wp\/v2\/media\/262075"}],"wp:attachment":[{"href":"https:\/\/www.europesays.com\/fr\/wp-json\/wp\/v2\/media?parent=262074"}],"wp:term":[{"taxonomy":"category","embeddable":true,"href":"https:\/\/www.europesays.com\/fr\/wp-json\/wp\/v2\/categories?post=262074"},{"taxonomy":"post_tag","embeddable":true,"href":"https:\/\/www.europesays.com\/fr\/wp-json\/wp\/v2\/tags?post=262074"}],"curies":[{"name":"wp","href":"https:\/\/api.w.org\/{rel}","templated":true}]}}