{"id":262076,"date":"2025-07-20T22:55:09","date_gmt":"2025-07-20T22:55:09","guid":{"rendered":"https:\/\/www.europesays.com\/fr\/262076\/"},"modified":"2025-07-20T22:55:09","modified_gmt":"2025-07-20T22:55:09","slug":"motogp-la-sentence-est-tombee-a-brno-un-long-lap-en-guise-de-penalite-pour-deux-pilotes","status":"publish","type":"post","link":"https:\/\/www.europesays.com\/fr\/262076\/","title":{"rendered":"MotoGP La sentence est tomb\u00e9e \u00e0 Brno, un long-lap en guise de p\u00e9nalit\u00e9 pour deux pilotes !"},"content":{"rendered":"<p>Deux pilotes auront donc \u00e9t\u00e9 sanctionn\u00e9s, ce week-end, dans le cadre du Grand-Prix de R\u00e9publique Tch\u00e8que de MotoGP. Augusto Fernandez (Yamaha) tout d\u2019abord, reconnu coupable de l\u2019accrochage ayant envoy\u00e9 son coll\u00e8gue de wild-card, Takaaki Nakagami (LCR), \u00e0 l\u2019h\u00f4pital. Un long-lap lui a donc \u00e9t\u00e9 inflig\u00e9 par les commissaires sportifs.<\/p>\n<p>MotoGP : Alex Marquez va perdre gros sur le Red Bull Ring<\/p>\n<p>M\u00eame sanction pour une action un peu similaire, punie il y a quelques minutes par les autorit\u00e9s sportives. Cette-fois, il s\u2019agit du deuxi\u00e8me du classement des pilotes, Alex Marquez. Le pilote Gresini a fauch\u00e9 Joan Mir (Honda), en tentant un d\u00e9passement compl\u00e8tement inconsid\u00e9r\u00e9. Les commissaires ont donc d\u00e9cid\u00e9 d\u2019infliger \u00e0 l\u2019int\u00e9ress\u00e9 la m\u00eame sanction \u00e0 savoir, un long-lap. Il devra observer sa p\u00e9nalit\u00e9 sur le prochain Grand-Prix, le dimanche \u00e0 savoir, en Autriche, sur le Red Bull Ring.<\/p>\n<blockquote class=\"twitter-tweet\">\n<p dir=\"ltr\" lang=\"en\">A race to forget for both as <a href=\"https:\/\/twitter.com\/alexmarquez73?ref_src=twsrc%5Etfw\" target=\"_blank\" rel=\"noopener nofollow\">@alexmarquez73<\/a> wiped out <a href=\"https:\/\/twitter.com\/JoanMirOfficial?ref_src=twsrc%5Etfw\" target=\"_blank\" rel=\"noopener nofollow\">@JoanMirOfficial<\/a> on lap 2 \u274c<\/p>\n<p>Because of this, Alex will have to serve a Long Lap Penalty in the next Grand Prix \u26a0\ufe0f<a href=\"https:\/\/twitter.com\/hashtag\/CzechGP?src=hash&amp;ref_src=twsrc%5Etfw\" target=\"_blank\" rel=\"noopener nofollow\">#CzechGP<\/a> \ud83c\udde8\ud83c\uddff <a href=\"https:\/\/t.co\/1FKbQG3Q1H\" rel=\"nofollow\">pic.twitter.com\/1FKbQG3Q1H<\/a><\/p>\n<p>\u2014 MotoGP\u2122\ud83c\udfc1 (@MotoGP) <a href=\"https:\/\/twitter.com\/MotoGP\/status\/1946955795096113364?ref_src=twsrc%5Etfw\" target=\"_blank\" rel=\"noopener nofollow\">July 20, 2025<\/a><\/p>\n<\/blockquote>\n<p>Une bien mauvaise nouvelle pour le plus jeune des fr\u00e8res Marquez, qui traversait d\u00e9j\u00e0 une p\u00e9riode compliqu\u00e9e, en termes de r\u00e9sultats et de blessures. Ainsi, Alex pourrait perdre gros, \u00e0 Spielberg, en perdant plusieurs secondes au moment de r\u00e9aliser son long-lap. De quoi offrir, \u00e0 nouveau, quelques points \u00e0 Francesco Bagnaia, dans la course au sacre honorifique de vice-champion du monde de MotoGP 2025.<\/p>\n<p>Article publi\u00e9 le 20\/07\/2025 \u00e0 18h10<\/p>\n<p>                                                            <script async src=\"https:\/\/platform.twitter.com\/widgets.js\" charset=\"utf-8\"><\/script><\/p>\n","protected":false},"excerpt":{"rendered":"Deux pilotes auront donc \u00e9t\u00e9 sanctionn\u00e9s, ce week-end, dans le cadre du Grand-Prix de R\u00e9publique Tch\u00e8que de MotoGP.&hellip;\n","protected":false},"author":2,"featured_media":262077,"comment_status":"","ping_status":"","sticky":false,"template":"","format":"standard","meta":{"footnotes":""},"categories":[1413],"tags":[36842,1011,27,1457,1456,1458,2129,60],"class_list":{"0":"post-262076","1":"post","2":"type-post","3":"status-publish","4":"format-standard","5":"has-post-thumbnail","7":"category-moto","8":"tag-brno","9":"tag-fr","10":"tag-france","11":"tag-moto","12":"tag-motocycle","13":"tag-motogp","14":"tag-pu00e9nalitu00e9","15":"tag-sports"},"share_on_mastodon":{"url":"https:\/\/pubeurope.com\/@fr\/114888030517201949","error":""},"_links":{"self":[{"href":"https:\/\/www.europesays.com\/fr\/wp-json\/wp\/v2\/posts\/262076","targetHints":{"allow":["GET"]}}],"collection":[{"href":"https:\/\/www.europesays.com\/fr\/wp-json\/wp\/v2\/posts"}],"about":[{"href":"https:\/\/www.europesays.com\/fr\/wp-json\/wp\/v2\/types\/post"}],"author":[{"embeddable":true,"href":"https:\/\/www.europesays.com\/fr\/wp-json\/wp\/v2\/users\/2"}],"replies":[{"embeddable":true,"href":"https:\/\/www.europesays.com\/fr\/wp-json\/wp\/v2\/comments?post=262076"}],"version-history":[{"count":0,"href":"https:\/\/www.europesays.com\/fr\/wp-json\/wp\/v2\/posts\/262076\/revisions"}],"wp:featuredmedia":[{"embeddable":true,"href":"https:\/\/www.europesays.com\/fr\/wp-json\/wp\/v2\/media\/262077"}],"wp:attachment":[{"href":"https:\/\/www.europesays.com\/fr\/wp-json\/wp\/v2\/media?parent=262076"}],"wp:term":[{"taxonomy":"category","embeddable":true,"href":"https:\/\/www.europesays.com\/fr\/wp-json\/wp\/v2\/categories?post=262076"},{"taxonomy":"post_tag","embeddable":true,"href":"https:\/\/www.europesays.com\/fr\/wp-json\/wp\/v2\/tags?post=262076"}],"curies":[{"name":"wp","href":"https:\/\/api.w.org\/{rel}","templated":true}]}}