{"id":262080,"date":"2025-07-20T22:57:14","date_gmt":"2025-07-20T22:57:14","guid":{"rendered":"https:\/\/www.europesays.com\/fr\/262080\/"},"modified":"2025-07-20T22:57:14","modified_gmt":"2025-07-20T22:57:14","slug":"tdf-tour-de-france-jordan-jegat-pour-etre-honnete-je-pensais-tout-perdre","status":"publish","type":"post","link":"https:\/\/www.europesays.com\/fr\/262080\/","title":{"rendered":"TDF. Tour de France &#8211; Jordan Jegat : \u00abPour \u00eatre honn\u00eate, je pensais tout perdre&#8230;\u00bb"},"content":{"rendered":"<p>Au lendemain de son \u00e9chapp\u00e9e sur l\u2019\u00e9tape reine des Pyr\u00e9n\u00e9es entre Pau et Luchon Superbagn\u00e8res, le Fran\u00e7ais <strong>Jordan Jegat<\/strong> (Team TotalEnergies) s\u2019est une nouvelle fois gliss\u00e9 \u00e0 l\u2019avant. Sur cette 15e \u00e9tape qui menait les coureurs en direction de Carcassonne, c\u2019est le champion de Belgique sur route, <strong><a href=\"https:\/\/www.cyclismactu.net\/..\/news-tdf-route-tour-de-france-tim-wellens-je-me-sentais-bien-savais-que-j-irai-seul-89096.html\" target=\"_blank\" rel=\"nofollow noopener\">Tim Wellens<\/a><\/strong> (UAE Team Emirates-XRG), qui s\u2019est impos\u00e9 en solitaire devant son compatriote <strong>Victor Campenaerts<\/strong> (Team Visma | Lease a Bike) et le Fran\u00e7ais, l\u2019ancien champion du monde, <strong><a href=\"https:\/\/www.cyclismactu.net\/..\/news-tdf-route-tour-de-france-julian-alaphilippe-comme-un-con-j-ai-leve-bras-89097.html\" target=\"_blank\" rel=\"nofollow noopener\">Julian Alaphilippe<\/a><\/strong> (Tudor Pro Cycling Team). Pr\u00e9sent dans le groupe pour se jouer la 3e place de l\u2019\u00e9tape, le grimpeur breton de 26 ans se classe finalement 8e de l\u2019\u00e9tape, au pied de la ville de la Cit\u00e9. Avec ce bel effort, <strong>Jegat<\/strong> reprend 4 minutes 31 sur le peloton maillot jaune et les principaux leaders \u00e0 la veille de la deuxi\u00e8me journ\u00e9e de repos, et attaquera l\u2019\u00e9tape du Mont Ventoux \u00e0 la 11e place du classement g\u00e9n\u00e9ral.<\/p>\n<p>\u00a0<\/p>\n<p><strong>\u00ab\u00a0J\u2019ai essay\u00e9 de me battre pour la victoire d\u2019\u00e9tape&#8230;\u00a0\u00bb<\/strong><\/p>\n<p>\u00ab\u00a0Pour \u00eatre honn\u00eate, je pensais tout perdre, tout ce que j\u2019ai fait depuis le d\u00e9but du Tour\u00a0\u00bb, d\u00e9bute le grimpeur breton. \u00ab\u00a0Et au final, on est arriv\u00e9s dans la bosse, et je me suis dit : &lsquo;Bon, je tente un coup.&rsquo; J\u2019ai attaqu\u00e9, je me suis retrouv\u00e9 dans le groupe de contre. Malheureusement, on n\u2019a jamais r\u00e9ussi \u00e0 rentrer sur la t\u00eate. J\u2019ai fait un gros effort dans la derni\u00e8re mont\u00e9e, mais je crois que je vais mourir \u00e0 20 secondes&#8230; C\u2019est comme \u00e7a. Mais voil\u00e0, j\u2019ai essay\u00e9 de me battre pour la victoire d\u2019\u00e9tape. Franchement, je voulais r\u00e9cup\u00e9rer en vue de l\u2019\u00e9tape du Ventoux mardi. Mais l\u2019\u00e9quipe m\u2019a dit : &lsquo;L\u2019\u00e9chapp\u00e9e va au bout, si tu peux y aller, fais-toi plaisir.&rsquo; C\u2019est ce que j\u2019ai fait. J\u2019avais les jambes un peu dures avec hier, mais tout le monde a mal aux jambes. C\u2019est ce qu\u2019il faut se dire : tout le monde souffre depuis le d\u00e9but. Et voil\u00e0, \u00e0 un moment, c\u2019est la t\u00eate qui prend le relais\u00a0\u00bb, conclut <strong>Jordan Jegat<\/strong> au micro de divers m\u00e9dias.<\/p>\n<p>Tour de France &#8211; Classement de la 15\u00e8 \u00e9tape Tour de France &#8211; Classement g\u00e9n\u00e9ral provisoire apr\u00e8s la 15\u00e8 \u00e9tape<\/p>\n","protected":false},"excerpt":{"rendered":"Au lendemain de son \u00e9chapp\u00e9e sur l\u2019\u00e9tape reine des Pyr\u00e9n\u00e9es entre Pau et Luchon Superbagn\u00e8res, le Fran\u00e7ais Jordan&hellip;\n","protected":false},"author":2,"featured_media":262081,"comment_status":"","ping_status":"","sticky":false,"template":"","format":"standard","meta":{"footnotes":""},"categories":[1411],"tags":[1154,207,211,1011,27,209,60,210,212,208,213],"class_list":{"0":"post-262080","1":"post","2":"type-post","3":"status-publish","4":"format-standard","5":"has-post-thumbnail","7":"category-cyclisme","8":"tag-cycling","9":"tag-cyclisme","10":"tag-ffc","11":"tag-fr","12":"tag-france","13":"tag-route","14":"tag-sports","15":"tag-tour-de-france","16":"tag-uci","17":"tag-velo","18":"tag-world-tour"},"share_on_mastodon":{"url":"https:\/\/pubeurope.com\/@fr\/114888038350372136","error":""},"_links":{"self":[{"href":"https:\/\/www.europesays.com\/fr\/wp-json\/wp\/v2\/posts\/262080","targetHints":{"allow":["GET"]}}],"collection":[{"href":"https:\/\/www.europesays.com\/fr\/wp-json\/wp\/v2\/posts"}],"about":[{"href":"https:\/\/www.europesays.com\/fr\/wp-json\/wp\/v2\/types\/post"}],"author":[{"embeddable":true,"href":"https:\/\/www.europesays.com\/fr\/wp-json\/wp\/v2\/users\/2"}],"replies":[{"embeddable":true,"href":"https:\/\/www.europesays.com\/fr\/wp-json\/wp\/v2\/comments?post=262080"}],"version-history":[{"count":0,"href":"https:\/\/www.europesays.com\/fr\/wp-json\/wp\/v2\/posts\/262080\/revisions"}],"wp:featuredmedia":[{"embeddable":true,"href":"https:\/\/www.europesays.com\/fr\/wp-json\/wp\/v2\/media\/262081"}],"wp:attachment":[{"href":"https:\/\/www.europesays.com\/fr\/wp-json\/wp\/v2\/media?parent=262080"}],"wp:term":[{"taxonomy":"category","embeddable":true,"href":"https:\/\/www.europesays.com\/fr\/wp-json\/wp\/v2\/categories?post=262080"},{"taxonomy":"post_tag","embeddable":true,"href":"https:\/\/www.europesays.com\/fr\/wp-json\/wp\/v2\/tags?post=262080"}],"curies":[{"name":"wp","href":"https:\/\/api.w.org\/{rel}","templated":true}]}}