{"id":262084,"date":"2025-07-20T22:59:16","date_gmt":"2025-07-20T22:59:16","guid":{"rendered":"https:\/\/www.europesays.com\/fr\/262084\/"},"modified":"2025-07-20T22:59:16","modified_gmt":"2025-07-20T22:59:16","slug":"quand-lhumoriste-ana-godefroy-recoit-sans-son-consentement-la-dickpic-dun-bisontin","status":"publish","type":"post","link":"https:\/\/www.europesays.com\/fr\/262084\/","title":{"rendered":"quand l\u2019humoriste Ana Godefroy re\u00e7oit, sans son consentement, la dickpic d\u2019un Bisontin"},"content":{"rendered":"<p>Celles et ceux qui suivent Ana Godefroy sur les r\u00e9seaux sociaux savent \u00e0 quel point sa vie n\u2019est pas un long fleuve tranquille. L\u2019humoriste, qui rassemble 443 000 abonn\u00e9s, raconte avec beaucoup d\u2019autod\u00e9rision les tuiles qui lui tombent dessus, il faut le dire, relativement souvent.<\/p>\n<p>L\u2019une des derni\u00e8res en date concerne notre belle r\u00e9gion. Et pas forc\u00e9ment pour des bonnes raisons. \u00ab Un mec m\u2019envoie un message pour savoir si je passe bient\u00f4t dans sa ville. Je lui r\u00e9ponds gentiment \u201coui, <a href=\"https:\/\/www.estrepublicain.fr\/pour-sortir\/loisirs\/Spectacle-theatre-conte\/Humour\/Franche-comte\/Doubs\/Besancon\/2026\/05\/22\/Ana-godefroy\" target=\"_blank\" rel=\"noopener\"> le 22 mai 2026\u201d<\/a> et donc, naturellement, pour me remercier, il m\u2019envoie <a href=\"https:\/\/www.estrepublicain.fr\/education\/2022\/06\/08\/harcelee-a-13-ans-destinataire-de-dick-picks-a-15-ans-j-etais-choquee\" target=\"_blank\" rel=\"noopener\">une dickpic : sa grosse zigounette en pi\u00e8ce jointe,<\/a> son service trois pi\u00e8ces en HD \u00bb, raconte Ana avec le sens de la formule qui la caract\u00e9rise.<\/p>\n<p>Ce contenu est bloqu\u00e9 car vous n&rsquo;avez pas accept\u00e9 les cookies et autres traceurs.<\/p>\n<p>En cliquant sur \u00ab J\u2019accepte \u00bb, les cookies et autres traceurs seront d\u00e9pos\u00e9s et vous pourrez visualiser les contenus  (<a href=\"\" class=\"consentModule_policy\" target=\"_blank\" title=\"Consulter la politique de protection des donn\u00e9es du fournisseur\">plus d&rsquo;informations<\/a>).<\/p>\n<p>En cliquant sur \u00ab J\u2019accepte tous les cookies \u00bb, vous autorisez des d\u00e9p\u00f4ts de cookies et autres traceurs pour le stockage de vos donn\u00e9es sur nos sites et applications \u00e0 des fins de personnalisation et de ciblage publicitaire.<\/p>\n<p class=\"consentModule_secondaryText\">Vous gardez la possibilit\u00e9 de retirer votre consentement \u00e0 tout moment en consultant notre <a href=\"https:\/\/www.estrepublicain.fr\/protection-des-donnees\" target=\"_blank\" title=\"Consulter notre politique de protection des donn\u00e9es\" rel=\"noopener\">politique de protection des donn\u00e9es<\/a>. <br \/>&#13;<br \/>\n            <a href=\"https:\/\/www.estrepublicain.fr\/faits-divers-justice\/2025\/07\/20\/javascript:Didomi.notice.show()\" class=\"consentModule_cmp\" target=\"_blank\" rel=\"noopener\">G\u00e9rer mes choix<\/a>&#13;\n        <\/p>\n<p>&#13;<br \/>\n                        J&rsquo;accepte&#13;<br \/>\n            J&rsquo;accepte tous les cookies&#13;\n        <\/p>\n<p>Ce charmant internaute, nous informe la jeune femme, s\u2019appelle J\u00e9r\u00f4me et vient de\u2026 Besan\u00e7on ! Paie ta r\u00e9putation ! Alors, cher J\u00e9r\u00f4me, sache que tu nous fous carr\u00e9ment la honte ! \u00c0 quel moment as-tu pens\u00e9 qu\u2019envoyer une photo de ton chibre \u00e0 une femme que tu ne connais pas, sans qu\u2019elle n\u2019ait rien demand\u00e9, est une bonne id\u00e9e ? Quel cheminement s\u2019est op\u00e9r\u00e9 dans ton cerveau (si tant est qu\u2019il y en ait un) pour te conduire \u00e0 sortir ton t\u00e9l\u00e9phone, prendre en photo ton p\u00e9nis et appuyer sur envoyer ? As-tu r\u00e9ellement pens\u00e9 : \u00ab Tiens, mon poireau est tellement beau qu\u2019elle va forc\u00e9ment craquer ? \u00bb. Dans la r\u00e9alit\u00e9, J\u00e9r\u00f4me, \u00e7a s\u2019appelle du cyberflashing et c\u2019est, depuis 2024, une infraction p\u00e9nale au niveau europ\u00e9en. Soutien \u00e0 toi Godefroy. Non, tous les Bisontins ne sont pas tous aussi lourds. Rendez-vous au Sc\u00e9nacle, en 2026. Sans \u00ab J\u00e9j\u00e9 la triquasse \u00bb.<\/p>\n","protected":false},"excerpt":{"rendered":"Celles et ceux qui suivent Ana Godefroy sur les r\u00e9seaux sociaux savent \u00e0 quel point sa vie n\u2019est&hellip;\n","protected":false},"author":2,"featured_media":262085,"comment_status":"","ping_status":"","sticky":false,"template":"","format":"standard","meta":{"footnotes":""},"categories":[1359],"tags":[10112,14382,271,272,58,14383,59,274,6757,1011,27,973,11058,104,2205],"class_list":{"0":"post-262084","1":"post","2":"type-post","3":"status-publish","4":"format-standard","5":"has-post-thumbnail","7":"category-people","8":"tag-besancon","9":"tag-besancon-ville-25a","10":"tag-crime","11":"tag-delit-et-contravention","12":"tag-divertissement","13":"tag-edition-besancon","14":"tag-entertainment","15":"tag-faits-divers-justice","16":"tag-feminisme","17":"tag-fr","18":"tag-france","19":"tag-people","20":"tag-region-franche-comte","21":"tag-societe","22":"tag-television-medias"},"share_on_mastodon":{"url":"https:\/\/pubeurope.com\/@fr\/114888046213501234","error":""},"_links":{"self":[{"href":"https:\/\/www.europesays.com\/fr\/wp-json\/wp\/v2\/posts\/262084","targetHints":{"allow":["GET"]}}],"collection":[{"href":"https:\/\/www.europesays.com\/fr\/wp-json\/wp\/v2\/posts"}],"about":[{"href":"https:\/\/www.europesays.com\/fr\/wp-json\/wp\/v2\/types\/post"}],"author":[{"embeddable":true,"href":"https:\/\/www.europesays.com\/fr\/wp-json\/wp\/v2\/users\/2"}],"replies":[{"embeddable":true,"href":"https:\/\/www.europesays.com\/fr\/wp-json\/wp\/v2\/comments?post=262084"}],"version-history":[{"count":0,"href":"https:\/\/www.europesays.com\/fr\/wp-json\/wp\/v2\/posts\/262084\/revisions"}],"wp:featuredmedia":[{"embeddable":true,"href":"https:\/\/www.europesays.com\/fr\/wp-json\/wp\/v2\/media\/262085"}],"wp:attachment":[{"href":"https:\/\/www.europesays.com\/fr\/wp-json\/wp\/v2\/media?parent=262084"}],"wp:term":[{"taxonomy":"category","embeddable":true,"href":"https:\/\/www.europesays.com\/fr\/wp-json\/wp\/v2\/categories?post=262084"},{"taxonomy":"post_tag","embeddable":true,"href":"https:\/\/www.europesays.com\/fr\/wp-json\/wp\/v2\/tags?post=262084"}],"curies":[{"name":"wp","href":"https:\/\/api.w.org\/{rel}","templated":true}]}}