{"id":262086,"date":"2025-07-20T23:00:11","date_gmt":"2025-07-20T23:00:11","guid":{"rendered":"https:\/\/www.europesays.com\/fr\/262086\/"},"modified":"2025-07-20T23:00:11","modified_gmt":"2025-07-20T23:00:11","slug":"le-tableau-dalain-coadou-ayant-illustre-ledition-2025-de-la-grande-tromenie-de-locronan-entre-au-musee-charles-danielou","status":"publish","type":"post","link":"https:\/\/www.europesays.com\/fr\/262086\/","title":{"rendered":"Le tableau d\u2019Alain Coadou ayant illustr\u00e9 l\u2019\u00e9dition 2025 de la Grande Trom\u00e9nie de Locronan entre au mus\u00e9e Charles-Dani\u00e9lou"},"content":{"rendered":"<p>Grande Trom\u00e9nie, original du tableau, sign\u00e9 Alain Coadou, qui a servi \u00e0 faire les affiches de l\u2019\u00e9dition 2025 du p\u00e8lerinage finist\u00e9rien, sera expos\u00e9 au mus\u00e9e Charles-Dani\u00e9lou, \u00e0 Locronan, \u00e0 la suite d\u2019un leg de l\u2019artiste-peintre et \u00e0 la demande du maire de la commune, Antoine Gabriele. Samedi 19 juillet, en fin de matin\u00e9e, l\u2019enfant du pays a \u00e9t\u00e9 honor\u00e9 que son \u0153uvre, de son vivant, soit expos\u00e9e dans ce mus\u00e9e. En pr\u00e9sence notamment d\u2019\u00e9lus, de membres de l\u2019association locale Locronan vie et tradition et du p\u00e8re Christian Le Borgne, cur\u00e9 de la paroisse, Alain Coadou, grand par la taille et le talent, \u00e9tait fier que sa signature figure parmi celles d\u2019artistes reconnus, qui font la richesse du patrimoine mus\u00e9ologique locronanais. Hormis d\u2019autres toiles d\u2019illustres peintres, un tableau sign\u00e9 d\u2019Odette Pauvert, premi\u00e8re femme peintre \u00e0 avoir obtenu le Prix de Rome, en 1925, est repr\u00e9sent\u00e9 par un tableau class\u00e9 depuis une dizaine d\u2019ann\u00e9es.<\/p>\n<p><b>Pratique<\/b><\/p>\n<p class=\"note\">\u00c0 souligner \u00e9galement que durant cet \u00e9t\u00e9, jusqu\u2019au 31 ao\u00fbt, une exposition Mathurin M\u00e9heut, Yvonne Jean-Haffen et Patrice Cudennec est propos\u00e9e aux amateurs d\u2019art et autres visiteurs au mus\u00e9e Charles-Dani\u00e9lou, place de la Mairie, \u00e0 Locronan. t\u00e9l. 02\u00a098\u00a051\u00a080\u00a080.<\/p>\n","protected":false},"excerpt":{"rendered":"Grande Trom\u00e9nie, original du tableau, sign\u00e9 Alain Coadou, qui a servi \u00e0 faire les affiches de l\u2019\u00e9dition 2025&hellip;\n","protected":false},"author":2,"featured_media":262087,"comment_status":"","ping_status":"","sticky":false,"template":"","format":"standard","meta":{"footnotes":""},"categories":[1358],"tags":[1348,1384,1385,1386,58,59,3321,1011,27,4555,8318],"class_list":{"0":"post-262086","1":"post","2":"type-post","3":"status-publish","4":"format-standard","5":"has-post-thumbnail","7":"category-arts-et-design","8":"tag-arts","9":"tag-arts-and-design","10":"tag-arts-et-design","11":"tag-design","12":"tag-divertissement","13":"tag-entertainment","14":"tag-finistere","15":"tag-fr","16":"tag-france","17":"tag-local","18":"tag-locronan"},"share_on_mastodon":{"url":"https:\/\/pubeurope.com\/@fr\/114888050191734096","error":""},"_links":{"self":[{"href":"https:\/\/www.europesays.com\/fr\/wp-json\/wp\/v2\/posts\/262086","targetHints":{"allow":["GET"]}}],"collection":[{"href":"https:\/\/www.europesays.com\/fr\/wp-json\/wp\/v2\/posts"}],"about":[{"href":"https:\/\/www.europesays.com\/fr\/wp-json\/wp\/v2\/types\/post"}],"author":[{"embeddable":true,"href":"https:\/\/www.europesays.com\/fr\/wp-json\/wp\/v2\/users\/2"}],"replies":[{"embeddable":true,"href":"https:\/\/www.europesays.com\/fr\/wp-json\/wp\/v2\/comments?post=262086"}],"version-history":[{"count":0,"href":"https:\/\/www.europesays.com\/fr\/wp-json\/wp\/v2\/posts\/262086\/revisions"}],"wp:featuredmedia":[{"embeddable":true,"href":"https:\/\/www.europesays.com\/fr\/wp-json\/wp\/v2\/media\/262087"}],"wp:attachment":[{"href":"https:\/\/www.europesays.com\/fr\/wp-json\/wp\/v2\/media?parent=262086"}],"wp:term":[{"taxonomy":"category","embeddable":true,"href":"https:\/\/www.europesays.com\/fr\/wp-json\/wp\/v2\/categories?post=262086"},{"taxonomy":"post_tag","embeddable":true,"href":"https:\/\/www.europesays.com\/fr\/wp-json\/wp\/v2\/tags?post=262086"}],"curies":[{"name":"wp","href":"https:\/\/api.w.org\/{rel}","templated":true}]}}