{"id":262088,"date":"2025-07-20T23:01:16","date_gmt":"2025-07-20T23:01:16","guid":{"rendered":"https:\/\/www.europesays.com\/fr\/262088\/"},"modified":"2025-07-20T23:01:16","modified_gmt":"2025-07-20T23:01:16","slug":"regis-delanoe-et-joelle-bocel-vincent-doumeizel-et-lilately-laureats-du-prix-des-libraires-produit-en-bretagne","status":"publish","type":"post","link":"https:\/\/www.europesays.com\/fr\/262088\/","title":{"rendered":"R\u00e9gis Delano\u00eb et Jo\u00eblle Bocel, Vincent Doumeizel et Lilately laur\u00e9ats du prix des libraires Produit en Bretagne"},"content":{"rendered":"<p>Le Prix des libraires Produit en Bretagne pour l\u2019ann\u00e9e 2025, d\u00e9cern\u00e9 par 111 libraires bretons (ind\u00e9pendants et grandes surfaces sp\u00e9cialis\u00e9es), a \u00e9t\u00e9 attribu\u00e9, dans la cat\u00e9gorie adulte, \u00e0 <a href=\"https:\/\/www.letelegramme.fr\/cotes-d-armor\/lamballe-armor-22400\/lamballe-regis-delanoe-presentera-augustine-un-siecle-de-bretagne-ce-samedi-a-la-cedille-6693473.php\" target=\"_blank\" rel=\"noopener\">\u00ab\u00a0Augustine, un si\u00e8cle de Bretagne\u00a0\u00bb, \u00e9crit par le Costarmoricain R\u00e9gis Delano\u00eb<\/a>, avec des dessins de Jo\u00eblle Bocel, et, dans la cat\u00e9gorie jeunesse, \u00e0 \u00ab\u00a0Comment les algues peuvent sauver le monde\u00a0\u00bb, de Vincent Doumeizel, illustr\u00e9 par Lilately, a annonc\u00e9, l\u2019association, samedi 19 juillet, dans un communiqu\u00e9.<\/p>\n<p>\u00ab\u00a0Augustine, un si\u00e8cle de Bretagne\u00a0\u00bb retrace la vie d\u2019une femme n\u00e9e dans une ferme bretonne sans eau ni \u00e9lectricit\u00e9 et d\u00e9c\u00e9d\u00e9e \u00e0 l\u2019\u00e8re d\u2019Internet. \u00ab\u00a0\u00c0 travers les cahiers retrouv\u00e9s de sa grand-m\u00e8re, R\u00e9gis Delano\u00eb signe un r\u00e9cit bouleversant, entre m\u00e9moire intime et chronique d\u2019un si\u00e8cle de bouleversements bretons. Jo\u00eblle Bocel en accompagne le texte de dessins d\u00e9licats.\u00a0\u00bb<\/p>\n<p>\u00ab\u00a0Comment les algues peuvent sauver le monde\u00a0\u00bb, album jeunesse engag\u00e9 et p\u00e9dagogique, explore le potentiel insoup\u00e7onn\u00e9 des algues pour nourrir, d\u00e9polluer, pr\u00e9server la biodiversit\u00e9 et lutter contre le r\u00e9chauffement climatique. \u00ab\u00a0<a href=\"https:\/\/www.letelegramme.fr\/economie\/toute-l-actualite\/vincent-doumeizel-je-crois-en-la-revolution-de-l-algue-175569.php\" target=\"_blank\" rel=\"noopener\">Vincent Doumeizel, sp\u00e9cialiste mondialement reconnu<\/a>, et l\u2019illustratrice Lilately signent un ouvrage inspirant et accessible, qui met les oc\u00e9ans au c\u0153ur de l\u2019avenir.\u00a0\u00bb<\/p>\n<p class=\"note\">\u00ab Augustine, un si\u00e8cle de Bretagne \u00bb est publi\u00e9 aux \u00e9ditions du Coin de la rue, \u00e0 Langrolay-sur-Rance (22) et \u00ab Comment les algues peuvent sauver le monde \u00bb par La Cabane bleue, \u00e0 Nantes.<\/p>\n","protected":false},"excerpt":{"rendered":"Le Prix des libraires Produit en Bretagne pour l\u2019ann\u00e9e 2025, d\u00e9cern\u00e9 par 111 libraires bretons (ind\u00e9pendants et grandes&hellip;\n","protected":false},"author":2,"featured_media":262089,"comment_status":"","ping_status":"","sticky":false,"template":"","format":"standard","meta":{"footnotes":""},"categories":[1357],"tags":[1379,829,2171,251,58,59,1011,27,1351,1380],"class_list":{"0":"post-262088","1":"post","2":"type-post","3":"status-publish","4":"format-standard","5":"has-post-thumbnail","7":"category-livres","8":"tag-books","9":"tag-bretagne","10":"tag-cotes-darmor","11":"tag-culture","12":"tag-divertissement","13":"tag-entertainment","14":"tag-fr","15":"tag-france","16":"tag-litterature","17":"tag-livres"},"share_on_mastodon":{"url":"https:\/\/pubeurope.com\/@fr\/114888054236362583","error":""},"_links":{"self":[{"href":"https:\/\/www.europesays.com\/fr\/wp-json\/wp\/v2\/posts\/262088","targetHints":{"allow":["GET"]}}],"collection":[{"href":"https:\/\/www.europesays.com\/fr\/wp-json\/wp\/v2\/posts"}],"about":[{"href":"https:\/\/www.europesays.com\/fr\/wp-json\/wp\/v2\/types\/post"}],"author":[{"embeddable":true,"href":"https:\/\/www.europesays.com\/fr\/wp-json\/wp\/v2\/users\/2"}],"replies":[{"embeddable":true,"href":"https:\/\/www.europesays.com\/fr\/wp-json\/wp\/v2\/comments?post=262088"}],"version-history":[{"count":0,"href":"https:\/\/www.europesays.com\/fr\/wp-json\/wp\/v2\/posts\/262088\/revisions"}],"wp:featuredmedia":[{"embeddable":true,"href":"https:\/\/www.europesays.com\/fr\/wp-json\/wp\/v2\/media\/262089"}],"wp:attachment":[{"href":"https:\/\/www.europesays.com\/fr\/wp-json\/wp\/v2\/media?parent=262088"}],"wp:term":[{"taxonomy":"category","embeddable":true,"href":"https:\/\/www.europesays.com\/fr\/wp-json\/wp\/v2\/categories?post=262088"},{"taxonomy":"post_tag","embeddable":true,"href":"https:\/\/www.europesays.com\/fr\/wp-json\/wp\/v2\/tags?post=262088"}],"curies":[{"name":"wp","href":"https:\/\/api.w.org\/{rel}","templated":true}]}}