{"id":26209,"date":"2025-04-15T08:51:18","date_gmt":"2025-04-15T08:51:18","guid":{"rendered":"https:\/\/www.europesays.com\/fr\/26209\/"},"modified":"2025-04-15T08:51:18","modified_gmt":"2025-04-15T08:51:18","slug":"laury-devoile-les-coulisses-de-cette-sequence-de-maries-au-premier-regard-qui-a-beaucoup-fait-parler-et-balance-sur-le-montage","status":"publish","type":"post","link":"https:\/\/www.europesays.com\/fr\/26209\/","title":{"rendered":"Laury d\u00e9voile les coulisses de cette s\u00e9quence de Mari\u00e9s au premier regard qui a beaucoup fait parler et balance sur le montage"},"content":{"rendered":"<p>Depuis qu&rsquo;on l&rsquo;a d\u00e9couverte dans Mari\u00e9s au premier regard 2025, Laury est tr\u00e8s critiqu\u00e9e. Face \u00e0 tant d&rsquo;attaques, son mari Anthony a m\u00eame \u00e9t\u00e9 oblig\u00e9 de prendre la parole pour la d\u00e9fendre.<\/p>\n<p>\u00ab\u00a0Laury reste une personne avec des \u00e9motions, des peurs et des craintes, a par la suite ajout\u00e9 Anthony. Cela n&rsquo;enl\u00e8ve pas le fait que Laury est une superbe personne avec beaucoup de valeurs et \u00e9norm\u00e9ment de qualit\u00e9 (&#8230;) Laury est une personne tr\u00e8s dr\u00f4le, chose qu&rsquo;on ne voit pas malheureusement (&#8230;) N&rsquo;oublions pas que c&rsquo;est du divertissement et que derri\u00e8re tout \u00e7a se cachent de vraies personnes, a-t-il indiqu\u00e9. Donc soyons indulgents et compr\u00e9hensifs s&rsquo;il vous pla\u00eet\u00a0\u00bb, a-t-il indiqu\u00e9 en story Instagram.<\/p>\n<p>Laury revient sur une s\u00e9quence pol\u00e9mique<\/p>\n<p>De son c\u00f4t\u00e9, la principale concern\u00e9e n&rsquo;a pas h\u00e9sit\u00e9 \u00e0 r\u00e9pondre \u00e0 ses haters et \u00e0 se moquer d&rsquo;eux. \u00ab\u00a0\u00c0 la sant\u00e9 de tous les haters d&rsquo;amour qui se d\u00e9m\u00e8nent \u00e0 mon sujet : vous me faites ni chaud ni froid. Continuez \u00e0 vivre votre vie par procuration \u00e0 travers une \u00e9mission, pendant que je construis la mienne, vous \u00eates des champions\u00a0\u00bb, a-t-elle l\u00e2ch\u00e9 en story.<\/p>\n<p>Ce jeudi 10 avril 2025, celle qui \u00e9tait \u00e0 deux doigts d&rsquo;annuler son mariage est revenue sur une s\u00e9quence qui a fait pol\u00e9mique. Souvenez-vous, juste apr\u00e8s la c\u00e9r\u00e9monie, Laury a l\u00e2ch\u00e9 \u00e0 Anthony : \u00ab\u00a0Je ne veux plus jamais revivre cette journ\u00e9e. Plus jamais !\u00a0\u00bb. Vous pouvez d&rsquo;ailleurs d\u00e9couvrir ou red\u00e9couvrir ce moment dans&#8230;<\/p>\n<p><a data-i13n=\"cpos:1;pos:1\" href=\"https:\/\/www.purebreak.com\/news\/Ca-me-met-en-porte-a-faux-laury-devoile-les-coulisses-de-cette-sequence-de-maries-au-premier-regard-qui-a-beaucoup-fait-parler-et-balance-sur-le-montage\/253456\" rel=\"nofollow noopener\" target=\"_blank\" data-ylk=\"slk:Lire la suite;cpos:1;pos:1;elm:context_link;itc:0;sec:content-canvas\" class=\"link \">Lire la suite<\/a><\/p>\n<p>\u00c0 lire aussi<\/p>\n<p><a data-i13n=\"cpos:2;pos:1\" href=\"https:\/\/www.purebreak.com\/news\/maries-au-premier-regard-laury-a-t-elle-finalement-dit-oui-a-anthony-on-a-la-reponse-spoiler\/253245\" rel=\"nofollow noopener\" target=\"_blank\" data-ylk=\"slk:Mari\u00e9s au premier regard : Laury a-t-elle finalement dit &quot;oui&quot; \u00e0 Anthony ? On a la r\u00e9ponse ! (spoiler);cpos:2;pos:1;elm:context_link;itc:0;sec:content-canvas\" class=\"link \">Mari\u00e9s au premier regard : Laury a-t-elle finalement dit \u00ab\u00a0oui\u00a0\u00bb \u00e0 Anthony ? On a la r\u00e9ponse ! (spoiler)<\/a><br \/><a data-i13n=\"cpos:3;pos:1\" href=\"https:\/\/www.purebreak.com\/news\/les-cinquante-coumba-balance-une-sequence-coupee-au-montage-suite-a-sa-blessure-meme-moi-ca-m-a-choquee\/251597\" rel=\"nofollow noopener\" target=\"_blank\" data-ylk=\"slk:Les Cinquante : Coumba balance une s\u00e9quence coup\u00e9e au montage suite \u00e0 sa blessure, &quot;M\u00eame moi, \u00e7a m&#039;a choqu\u00e9e...&quot;;cpos:3;pos:1;elm:context_link;itc:0;sec:content-canvas\" class=\"link \">Les Cinquante : Coumba balance une s\u00e9quence coup\u00e9e au montage suite \u00e0 sa blessure, \u00ab\u00a0M\u00eame moi, \u00e7a m&rsquo;a choqu\u00e9e&#8230;\u00a0\u00bb<\/a><br \/><a data-i13n=\"cpos:4;pos:1\" href=\"https:\/\/www.purebreak.com\/news\/ca-a-lair-dingue-je-mattendais-pas-a-ca-on-a-trouve-le-film-au-concept-le-plus-improbable-de-2025-les-internautes-hallucinent-deja\/252155\" rel=\"nofollow noopener\" target=\"_blank\" data-ylk=\"slk:&quot;\u00c7a a l&#039;air dingue&quot;, &quot;Je m&#039;attendais pas \u00e0 \u00e7a&quot; : on a trouv\u00e9 le film au concept le plus improbable de 2025, les internautes hallucinent d\u00e9j\u00e0;cpos:4;pos:1;elm:context_link;itc:0;sec:content-canvas\" class=\"link \">\u00ab\u00a0\u00c7a a l&rsquo;air dingue\u00a0\u00bb, \u00ab\u00a0Je m&rsquo;attendais pas \u00e0 \u00e7a\u00a0\u00bb : on a trouv\u00e9 le film au concept le plus improbable de 2025, les internautes hallucinent d\u00e9j\u00e0<\/a><\/p>\n","protected":false},"excerpt":{"rendered":"Depuis qu&rsquo;on l&rsquo;a d\u00e9couverte dans Mari\u00e9s au premier regard 2025, Laury est tr\u00e8s critiqu\u00e9e. Face \u00e0 tant d&rsquo;attaques,&hellip;\n","protected":false},"author":2,"featured_media":26210,"comment_status":"","ping_status":"","sticky":false,"template":"","format":"standard","meta":{"footnotes":""},"categories":[1356],"tags":[58,59,1011,27,5330,5329,252,1364],"class_list":{"0":"post-26209","1":"post","2":"type-post","3":"status-publish","4":"format-standard","5":"has-post-thumbnail","7":"category-television","8":"tag-divertissement","9":"tag-entertainment","10":"tag-fr","11":"tag-france","12":"tag-laury","13":"tag-maries","14":"tag-television","15":"tag-tv"},"share_on_mastodon":{"url":"https:\/\/pubeurope.com\/@fr\/114341129982560380","error":""},"_links":{"self":[{"href":"https:\/\/www.europesays.com\/fr\/wp-json\/wp\/v2\/posts\/26209","targetHints":{"allow":["GET"]}}],"collection":[{"href":"https:\/\/www.europesays.com\/fr\/wp-json\/wp\/v2\/posts"}],"about":[{"href":"https:\/\/www.europesays.com\/fr\/wp-json\/wp\/v2\/types\/post"}],"author":[{"embeddable":true,"href":"https:\/\/www.europesays.com\/fr\/wp-json\/wp\/v2\/users\/2"}],"replies":[{"embeddable":true,"href":"https:\/\/www.europesays.com\/fr\/wp-json\/wp\/v2\/comments?post=26209"}],"version-history":[{"count":0,"href":"https:\/\/www.europesays.com\/fr\/wp-json\/wp\/v2\/posts\/26209\/revisions"}],"wp:featuredmedia":[{"embeddable":true,"href":"https:\/\/www.europesays.com\/fr\/wp-json\/wp\/v2\/media\/26210"}],"wp:attachment":[{"href":"https:\/\/www.europesays.com\/fr\/wp-json\/wp\/v2\/media?parent=26209"}],"wp:term":[{"taxonomy":"category","embeddable":true,"href":"https:\/\/www.europesays.com\/fr\/wp-json\/wp\/v2\/categories?post=26209"},{"taxonomy":"post_tag","embeddable":true,"href":"https:\/\/www.europesays.com\/fr\/wp-json\/wp\/v2\/tags?post=26209"}],"curies":[{"name":"wp","href":"https:\/\/api.w.org\/{rel}","templated":true}]}}