{"id":262107,"date":"2025-07-20T23:13:10","date_gmt":"2025-07-20T23:13:10","guid":{"rendered":"https:\/\/www.europesays.com\/fr\/262107\/"},"modified":"2025-07-20T23:13:10","modified_gmt":"2025-07-20T23:13:10","slug":"orages-et-pluie-inondation-un-mort-13-departements-du-sud-est-en-vigilance-orange-dimanche-soir","status":"publish","type":"post","link":"https:\/\/www.europesays.com\/fr\/262107\/","title":{"rendered":"Orages et pluie-inondation: un mort, 13 d\u00e9partements du sud-est en vigilance orange dimanche soir"},"content":{"rendered":"<p>La victime \u00ab\u00a0est tomb\u00e9e de son \u00e9chelle de 5 m\u00e8tres\u00a0\u00bb sur la commune de Saint-Cyr alors qu&rsquo;elle tentait d&rsquo;intervenir sur son to\u00eet, et une autre personne a \u00e9t\u00e9 gravement bless\u00e9e en chutant de son to\u00eet \u00e0 Devrouze, \u00ab\u00a0en lien avec l&rsquo;\u00e9pisode orageux en cours\u00a0\u00bb, ont indiqu\u00e9 \u00e0 l&rsquo;AFP les pompiers de Sa\u00f4ne-et-Loire, o\u00f9 de nombreuses toitures ont \u00e9t\u00e9 endommag\u00e9es ou se sont envol\u00e9es.<\/p>\n<p>M\u00e9t\u00e9o-France a lev\u00e9 la vigilance orange sur neuf d\u00e9partements du nord-est \u00e0 20h00, apr\u00e8s le passage de vents violents entre 70 et 90km\/h voire plus localement, de chutes de gr\u00eale et d&rsquo;une \u00ab\u00a0activit\u00e9 \u00e9lectrique intense\u00a0\u00bb dans l&rsquo;apr\u00e8s-midi.<\/p>\n<p>La perturbation pluvio-orageuse \u00ab\u00a0n\u00e9cessite une vigilance particuli\u00e8re en lien avec les forts cumuls de pluie attendus\u00a0\u00bb, a-t-elle averti dans son bulletin publi\u00e9 \u00e0 20h20. L&rsquo;Ain, les Alpes-de-Haute-Provence, Hautes-Alpes, Ard\u00e8che, Bouches-du-Rh\u00f4ne, Dr\u00f4me, Gard, Is\u00e8re, Loire, Rh\u00f4ne, Savoie, Haute-Savoie et Vaucluse restent concern\u00e9s.<\/p>\n<p>Dans le Jura, o\u00f9 les rafales de vent ont atteint jusqu&rsquo;\u00e0 105km\/h localement, les orages ont n\u00e9cessit\u00e9 130 interventions des sapeurs-pompiers et 6.100 personnes sont priv\u00e9es d&rsquo;\u00e9lectricit\u00e9, a indiqu\u00e9 sur X sa pr\u00e9fecture.<\/p>\n<p>\u00ab\u00a0Les gestionnaires des routes sont \u00e0 l??uvre pour \u00e9vacuer les branches et arbres tomb\u00e9s sur les voies mais les conditions de circulation peuvent rester difficiles\u00a0\u00bb, a-t-elle ajout\u00e9.<\/p>\n<p>Sur les r\u00e9seaux sociaux, des images montrent des vents violents, des chutes de gr\u00eale et des arbres couch\u00e9s sur les routes dans les d\u00e9partements concern\u00e9s. Dans l&rsquo;Allier, de violents coups de vent ont \u00ab\u00a0tourbillonn\u00e9\u00a0\u00bb et endommag\u00e9 ou arrach\u00e9 des toitures sur plusieurs communes, ont indiqu\u00e9 les pompiers \u00e0 l&rsquo;AFP. Quelque 1.300 foyers sont priv\u00e9s d&rsquo;\u00e9lectricit\u00e9 selon la pr\u00e9fecture.<\/p>\n<p>Les Alpes-de-Haute-Provence, les Hautes-Alpes, les Bouches-du-Rh\u00f4ne, le Gard, l&rsquo;Is\u00e8re, la Savoie, la Haute-Savoie et le Vaucluse sont \u00e9galement plac\u00e9s en vigilance orange pluie-inondation de 20h00 \u00e0 06h00. Les cumuls de pluie pourront atteindre 100 mm sur les d\u00e9partements de PACA concern\u00e9s et le Gard.<\/p>\n<p>\u00ab\u00a0Ces cumuls peuvent engendrer des probl\u00e9matiques de coul\u00e9es de boue et\/ou de ruissellements\u00a0\u00bb, avertit M\u00e9t\u00e9o-France.<\/p>\n<p>A 21h00, les pompiers de Savoie ont indiqu\u00e9 \u00eatre \u00ab\u00a0d\u00e9bord\u00e9s\u00a0\u00bb par les interventions notamment du fait des orages.<\/p>\n<p>La vigilance orage ne concernera plus que les d\u00e9partements alpins et du sud lundi, jusqu&rsquo;\u00e0 6h00.<\/p>\n","protected":false},"excerpt":{"rendered":"La victime \u00ab\u00a0est tomb\u00e9e de son \u00e9chelle de 5 m\u00e8tres\u00a0\u00bb sur la commune de Saint-Cyr alors qu&rsquo;elle tentait&hellip;\n","protected":false},"author":2,"featured_media":262108,"comment_status":"","ping_status":"","sticky":false,"template":"","format":"standard","meta":{"footnotes":""},"categories":[2],"tags":[11,1011,27,2487,12],"class_list":{"0":"post-262107","1":"post","2":"type-post","3":"status-publish","4":"format-standard","5":"has-post-thumbnail","7":"category-actualites","8":"tag-actualites","9":"tag-fr","10":"tag-france","11":"tag-meteo","12":"tag-news"},"share_on_mastodon":{"url":"https:\/\/pubeurope.com\/@fr\/114888101285002839","error":""},"_links":{"self":[{"href":"https:\/\/www.europesays.com\/fr\/wp-json\/wp\/v2\/posts\/262107","targetHints":{"allow":["GET"]}}],"collection":[{"href":"https:\/\/www.europesays.com\/fr\/wp-json\/wp\/v2\/posts"}],"about":[{"href":"https:\/\/www.europesays.com\/fr\/wp-json\/wp\/v2\/types\/post"}],"author":[{"embeddable":true,"href":"https:\/\/www.europesays.com\/fr\/wp-json\/wp\/v2\/users\/2"}],"replies":[{"embeddable":true,"href":"https:\/\/www.europesays.com\/fr\/wp-json\/wp\/v2\/comments?post=262107"}],"version-history":[{"count":0,"href":"https:\/\/www.europesays.com\/fr\/wp-json\/wp\/v2\/posts\/262107\/revisions"}],"wp:featuredmedia":[{"embeddable":true,"href":"https:\/\/www.europesays.com\/fr\/wp-json\/wp\/v2\/media\/262108"}],"wp:attachment":[{"href":"https:\/\/www.europesays.com\/fr\/wp-json\/wp\/v2\/media?parent=262107"}],"wp:term":[{"taxonomy":"category","embeddable":true,"href":"https:\/\/www.europesays.com\/fr\/wp-json\/wp\/v2\/categories?post=262107"},{"taxonomy":"post_tag","embeddable":true,"href":"https:\/\/www.europesays.com\/fr\/wp-json\/wp\/v2\/tags?post=262107"}],"curies":[{"name":"wp","href":"https:\/\/api.w.org\/{rel}","templated":true}]}}