{"id":26211,"date":"2025-04-15T08:52:16","date_gmt":"2025-04-15T08:52:16","guid":{"rendered":"https:\/\/www.europesays.com\/fr\/26211\/"},"modified":"2025-04-15T08:52:16","modified_gmt":"2025-04-15T08:52:16","slug":"treize-danseurs-repetent-un-show-de-k-pop-presente-a-vouneuil-sous-biard","status":"publish","type":"post","link":"https:\/\/www.europesays.com\/fr\/26211\/","title":{"rendered":"treize danseurs r\u00e9p\u00e8tent un show de K-pop pr\u00e9sent\u00e9 \u00e0 Vouneuil-sous-Biard"},"content":{"rendered":"<p>Face aux glaces de l\u2019Agora de Jaunay, elles encha\u00eenent les r\u00e9p\u00e9titions. La date fatidique se rapproche. Le show millim\u00e9tr\u00e9 n\u00e9cessite toujours des r\u00e9glages. Et l\u2019\u0153il ac\u00e9r\u00e9 de la chor\u00e9graphe Estelle Soret traque tous ces petits d\u00e9calages qui nuisent \u00e0 l\u2019ensemble.<\/p>\n<p>Tout doit \u00eatre parfait pour le 19\u00a0avril prochain. \u00c0 20\u00a0h, la salle R2B de Vouneuil-sous-Biard accueillera Mystery, un show enti\u00e8rement d\u00e9di\u00e9 \u00e0 la K-pop. Une premi\u00e8re pour l\u2019association Wavy Danse de Poitiers qui dispense des cours dans cette discipline.<\/p>\n<p>Le spectacle suit le fil rouge du myst\u00e8re<\/p>\n<p>\u00ab\u00a0L\u00e0, ce ne sont pas les \u00e9l\u00e8ves qui seront sur sc\u00e8ne, pr\u00e9vient Estelle Soret.\u00a0Les treize danseurs, douze filles et un gar\u00e7on qui forment le crew (l\u2019\u00e9quipage, en anglais) ont \u00e9t\u00e9 choisis sur audition. Toutes les r\u00e9p\u00e9titions que nous faisons, c\u2019est dans l\u2019objectif du spectacle. La K-pop, c\u2019est une danse tr\u00e8s technique, qui pla\u00eet aux perfectionnistes. Ce qui attire aussi, c\u2019est le c\u00f4t\u00e9 tr\u00e8s visuel.\u00a0\u00bb<\/p>\n<p>Visuel, le spectacle le sera par les costumes et les jeux de lumi\u00e8re d\u00e9roul\u00e9s au fur et \u00e0 mesure de l\u2019histoire qui suit le fil rouge du myst\u00e8re. \u00ab\u00a0On va se balader dans diff\u00e9rentes ambiances\u00a0\u00bb, indique la chor\u00e9graphe. Plusieurs changements de costumes sont \u00e0 attendre. Les costumes achet\u00e9s vont \u00eatre customis\u00e9s pour les besoins du show qui joue la carte de la reprise.<\/p>\n<p>Le crew reprend des chor\u00e9graphies existantes et fera du play-back sur les chansons. \u00ab\u00a0C\u2019est un exercice \u00e0 la fois plus simple, et plus dur aussi.\u00a0\u00bb<\/p>\n<p>Spectacle \u00ab\u00a0Mystery\u00a0\u00bb de Wavy danse, le samedi 19\u00a0avril, \u00e0 20\u00a0h, \u00e0 la salle R2B de Vouneuil-sous-Biard. Tarifs\u00a0: 8\u00a0\u20ac ou 5\u00a0\u20ac pour les moins de douze ans.<\/p>\n","protected":false},"excerpt":{"rendered":"Face aux glaces de l\u2019Agora de Jaunay, elles encha\u00eenent les r\u00e9p\u00e9titions. La date fatidique se rapproche. Le show&hellip;\n","protected":false},"author":2,"featured_media":26212,"comment_status":"","ping_status":"","sticky":false,"template":"","format":"standard","meta":{"footnotes":""},"categories":[1355],"tags":[1392,9332,5972,58,59,1011,27,1393,1361,873,1698,1653,1584,9331],"class_list":{"0":"post-26211","1":"post","2":"type-post","3":"status-publish","4":"format-standard","5":"has-post-thumbnail","7":"category-musique","8":"tag-a-la-une-local","9":"tag-centrepresse","10":"tag-danse","11":"tag-divertissement","12":"tag-entertainment","13":"tag-fr","14":"tag-france","15":"tag-loisirs","16":"tag-music","17":"tag-musique","18":"tag-musiques","19":"tag-poitiers","20":"tag-vienne","21":"tag-vouneuil-sous-biard"},"share_on_mastodon":{"url":"https:\/\/pubeurope.com\/@fr\/114341133859107730","error":""},"_links":{"self":[{"href":"https:\/\/www.europesays.com\/fr\/wp-json\/wp\/v2\/posts\/26211","targetHints":{"allow":["GET"]}}],"collection":[{"href":"https:\/\/www.europesays.com\/fr\/wp-json\/wp\/v2\/posts"}],"about":[{"href":"https:\/\/www.europesays.com\/fr\/wp-json\/wp\/v2\/types\/post"}],"author":[{"embeddable":true,"href":"https:\/\/www.europesays.com\/fr\/wp-json\/wp\/v2\/users\/2"}],"replies":[{"embeddable":true,"href":"https:\/\/www.europesays.com\/fr\/wp-json\/wp\/v2\/comments?post=26211"}],"version-history":[{"count":0,"href":"https:\/\/www.europesays.com\/fr\/wp-json\/wp\/v2\/posts\/26211\/revisions"}],"wp:featuredmedia":[{"embeddable":true,"href":"https:\/\/www.europesays.com\/fr\/wp-json\/wp\/v2\/media\/26212"}],"wp:attachment":[{"href":"https:\/\/www.europesays.com\/fr\/wp-json\/wp\/v2\/media?parent=26211"}],"wp:term":[{"taxonomy":"category","embeddable":true,"href":"https:\/\/www.europesays.com\/fr\/wp-json\/wp\/v2\/categories?post=26211"},{"taxonomy":"post_tag","embeddable":true,"href":"https:\/\/www.europesays.com\/fr\/wp-json\/wp\/v2\/tags?post=26211"}],"curies":[{"name":"wp","href":"https:\/\/api.w.org\/{rel}","templated":true}]}}