{"id":26213,"date":"2025-04-15T08:56:12","date_gmt":"2025-04-15T08:56:12","guid":{"rendered":"https:\/\/www.europesays.com\/fr\/26213\/"},"modified":"2025-04-15T08:56:12","modified_gmt":"2025-04-15T08:56:12","slug":"comment-trump-veut-faire-plier-hollywood-le-bastion-woke","status":"publish","type":"post","link":"https:\/\/www.europesays.com\/fr\/26213\/","title":{"rendered":"comment Trump veut faire plier Hollywood, le bastion woke"},"content":{"rendered":"<p><strong>D\u00c9CRYPTAGE &#8211; <\/strong>Moins de programmes militants, plus de s\u00e9ries et de films reposant sur des valeurs familiales et traditionnelles\u00a0: les studios commencent \u00e0 s\u2019adapter pour plaire \u00e0 l\u2019Am\u00e9rique Maga.<\/p>\n<p class=\"fig-paragraph\">Il y a un nouveau\u00a0<a href=\"http:\/\/www.lefigaro.fr\/culture\/hollywood-exhorte-trump-a-defendre-les-droits-d-auteur-face-au-pillage-de-l-intelligence-artificielle-20250318\" target=\"_blank\" data-fig-type=\"Article\" rel=\"noopener nofollow\" data-gtm-custom-categorie=\"navigation\" data-gtm-custom-action=\"crossclick\" data-gtm-custom-label=\"Contextuel\" data-gtm-event=\"customEventSPE\" data-fig-domain=\"LEFIGARO\">sh\u00e9rif en ville \u00e0 Hollywood<\/a>. Et il n\u2019est pas venu pour faire de la figuration. \u00c0 ceux qui en douteraient encore,\u00a0<a href=\"http:\/\/www.lefigaro.fr\/theatre\/pour-john-lithgow-prime-aux-laurence-olivier-awards-la-presidence-de-donald-trump-est-un-pur-desastre-20250408\" target=\"_blank\" data-fig-type=\"Article\" rel=\"noopener nofollow\" data-gtm-custom-categorie=\"navigation\" data-gtm-custom-action=\"crossclick\" data-gtm-custom-label=\"Contextuel\" data-gtm-event=\"customEventSPE\" data-fig-domain=\"LEFIGARO\">Donald Trump<\/a>\u00a0vient de le rappeler \u00e0 sa mani\u00e8re. Brutale. Fin mars, le nouveau pr\u00e9sident des \u00c9tats-Unis,\u00a0<a href=\"http:\/\/www.lefigaro.fr\/juge-trop-woke-le-zoo-de-washington-dans-le-viseur-de-trump-20250411\" target=\"_blank\" data-fig-type=\"NewsFlash\" rel=\"noopener nofollow\" data-gtm-custom-categorie=\"navigation\" data-gtm-custom-action=\"crossclick\" data-gtm-custom-label=\"Contextuel\" data-gtm-event=\"customEventSPE\" data-fig-domain=\"LEFIGARO\">parti en croisade contre le wokisme<\/a>, a plac\u00e9 Disney dans son collimateur. Il a missionn\u00e9 l\u2019agence am\u00e9ricaine de r\u00e9gulation des t\u00e9l\u00e9coms, la FCC, dirig\u00e9e par l\u2019un de ses proches, Brendan Carr, pour enqu\u00eater officiellement sur la major, accus\u00e9e de promouvoir \u00e0 outrance la diversit\u00e9. Quitte \u00e0 faire un exemple, autant choisir le plus embl\u00e9matique des studios hollywoodiens. Et, surtout, celui consid\u00e9r\u00e9 comme l\u2019embl\u00e8me du \u00ab\u00a0capitalisme woke\u00a0\u00bb, aux yeux des conservateurs.<\/p>\n<p class=\"fig-paragraph\">Sentant le vent du boulet, Mickey &#8211;\u00a0<a href=\"http:\/\/www.lefigaro.fr\/medias\/en-rachetant-l-empire-paramount-global-skydance-signe-la-fin-d-une-ere-a-hollywood-20240708\" target=\"_blank\" data-fig-type=\"Article\" rel=\"noopener nofollow\" data-gtm-custom-categorie=\"navigation\" data-gtm-custom-action=\"crossclick\" data-gtm-custom-label=\"Contextuel\" data-gtm-event=\"customEventSPE\" data-fig-domain=\"LEFIGARO\">comme Paramount<\/a>\u00a0et Warner Bros. Discovery &#8211; avait d\u00e9j\u00e0 commenc\u00e9 \u00e0 tourner casaque quelques semaines plus t\u00f4t. Mi-f\u00e9vrier, le g\u00e9ant mondial du divertissement envoyait un m\u00e9mo interne annon\u00e7ant qu\u2019il mettrait en sourdine ses initiatives, \u00e0 l\u2019instar du programme\u2026<\/p>\n<p class=\"fig-premium-paywall__infos\">\n        Cet article est r\u00e9serv\u00e9 aux abonn\u00e9s.        Il vous reste 90% \u00e0 d\u00e9couvrir.\n    <\/p>\n<p>                <img  data- alt=\"Le Figaro\" class=\"fig-img--complete fig-img\"\/><\/p>\n<p class=\"fig-premium-paywall__title\">Vous avez envie de lire la suite ?<\/p>\n<p class=\"fig-premium-paywall__subtitle\">D\u00e9bloquez tous les articles imm\u00e9diatement.<\/p>\n<p class=\"fig-premium-paywall__connect\">\n                D\u00e9j\u00e0 abonn\u00e9\u00a0?                <a class=\"fig-premium-paywall__connect-link\" href=\"https:\/\/connect.lefigaro.fr\/login?client=horizon_web&amp;type=main&amp;redirect_uri=https%3A%2F%2Fwww.lefigaro.fr%2Fmedias%2Ftout-le-monde-est-aux-abris-comment-trump-veut-faire-plier-hollywood-le-bastion-woke-20250413\" data-js-gtm=\"{&quot;customCategorie&quot;: &quot;conversion&quot;, &quot;customAction&quot;: &quot;before_Landing_Connexion_paywall_auto&quot;, &quot;customLabel&quot;: &quot;bGVmaWdhcm8uZnJfXzFmMDE4NjI2LTJkNzUtNjY0ZS1hZWFjLWE3ZmRjYTMwNjBmZV9fQXJ0aWNsZQ==_\u00abTout le monde est aux abris\u00bb: comment Trump veut faire plier Hollywood, le bastion woke_291&quot;, &quot;customIDSPE&quot;: &quot;bGVmaWdhcm8uZnJfXzFmMDE4NjI2LTJkNzUtNjY0ZS1hZWFjLWE3ZmRjYTMwNjBmZV9fQXJ0aWNsZQ==&quot;, &quot;event&quot;: &quot;customEventSPE&quot;}\" rel=\"nofollow noopener\" target=\"_blank\"><br \/>\n                    Connectez-vous<br \/>\n                <\/a>\n            <\/p>\n","protected":false},"excerpt":{"rendered":"D\u00c9CRYPTAGE &#8211; Moins de programmes militants, plus de s\u00e9ries et de films reposant sur des valeurs familiales et&hellip;\n","protected":false},"author":2,"featured_media":26214,"comment_status":"","ping_status":"","sticky":false,"template":"","format":"standard","meta":{"footnotes":""},"categories":[8],"tags":[5717,520,58,75,59,1011,27,5724,5720,2137,5725,5719,5723,5722,5721,5718,5715,5714,1834,5726,252,1364,5716],"class_list":{"0":"post-26213","1":"post","2":"type-post","3":"status-publish","4":"format-standard","5":"has-post-thumbnail","7":"category-divertissement","8":"tag-bibendum","9":"tag-disney","10":"tag-divertissement","11":"tag-donald-trump","12":"tag-entertainment","13":"tag-fr","14":"tag-france","15":"tag-geant-vert","16":"tag-herisson-ernie-spontex","17":"tag-hollywood","18":"tag-la-laitiere","19":"tag-lapin-duracell","20":"tag-mms","21":"tag-mamie-nova","22":"tag-mr-marie","23":"tag-mr-propre","24":"tag-personnage-publicitaire","25":"tag-pub","26":"tag-publicite","27":"tag-tele","28":"tag-television","29":"tag-tv","30":"tag-vache-qui-rit"},"share_on_mastodon":{"url":"https:\/\/pubeurope.com\/@fr\/114341149671470190","error":""},"_links":{"self":[{"href":"https:\/\/www.europesays.com\/fr\/wp-json\/wp\/v2\/posts\/26213","targetHints":{"allow":["GET"]}}],"collection":[{"href":"https:\/\/www.europesays.com\/fr\/wp-json\/wp\/v2\/posts"}],"about":[{"href":"https:\/\/www.europesays.com\/fr\/wp-json\/wp\/v2\/types\/post"}],"author":[{"embeddable":true,"href":"https:\/\/www.europesays.com\/fr\/wp-json\/wp\/v2\/users\/2"}],"replies":[{"embeddable":true,"href":"https:\/\/www.europesays.com\/fr\/wp-json\/wp\/v2\/comments?post=26213"}],"version-history":[{"count":0,"href":"https:\/\/www.europesays.com\/fr\/wp-json\/wp\/v2\/posts\/26213\/revisions"}],"wp:featuredmedia":[{"embeddable":true,"href":"https:\/\/www.europesays.com\/fr\/wp-json\/wp\/v2\/media\/26214"}],"wp:attachment":[{"href":"https:\/\/www.europesays.com\/fr\/wp-json\/wp\/v2\/media?parent=26213"}],"wp:term":[{"taxonomy":"category","embeddable":true,"href":"https:\/\/www.europesays.com\/fr\/wp-json\/wp\/v2\/categories?post=26213"},{"taxonomy":"post_tag","embeddable":true,"href":"https:\/\/www.europesays.com\/fr\/wp-json\/wp\/v2\/tags?post=26213"}],"curies":[{"name":"wp","href":"https:\/\/api.w.org\/{rel}","templated":true}]}}