{"id":262130,"date":"2025-07-20T23:30:12","date_gmt":"2025-07-20T23:30:12","guid":{"rendered":"https:\/\/www.europesays.com\/fr\/262130\/"},"modified":"2025-07-20T23:30:12","modified_gmt":"2025-07-20T23:30:12","slug":"previsions-du-lundi-21-juillet-2025-3","status":"publish","type":"post","link":"https:\/\/www.europesays.com\/fr\/262130\/","title":{"rendered":"pr\u00e9visions du lundi 21 juillet 2025"},"content":{"rendered":"<p>\u00c0 Strasbourg, la journ\u00e9e va rester maussade \u00e0 cause de nuages qui perdurent dans le ciel. Les valeurs seront comprises entre 16 et 25\u00b0C. Le matin, c&rsquo;est sur un ciel tapiss\u00e9 de nuages qu&rsquo;il faudra compter. Des pluies \u00e9parses tomberont. Un vent de sud-ouest soufflera un peu, avec 18 km\/h. Les r\u00e9sidents devront se mettre \u00e0 l&rsquo;abri des orages de faible intensit\u00e9 qui auront lieu dans l&rsquo;apr\u00e8s-midi. Les maximales pourront atteindre 25\u00b0C tandis que les minimales seront de 18\u00b0C. Un vent de sud est pr\u00e9vu : il soufflera \u00e0 20 km\/h. Le soir, la m\u00e9t\u00e9o sera ponctu\u00e9e par des pluies \u00e9parses. Le thermom\u00e8tre affichera 18\u00b0C en moyenne. Pendant votre sommeil, dans la nuit de lundi \u00e0 mardi, le ciel sera pluvieux.<\/p>\n<p>On observera la pr\u00e9sence persistante de nuages demain \u00e0 Strasbourg. Une baisse des temp\u00e9ratures est pr\u00e9vue. On pr\u00e9voit des temp\u00e9ratures avoisinant 19\u00b0C. Il est possible qu&rsquo;il y ait de l\u00e9g\u00e8res averses le matin. Les temp\u00e9ratures seront de 17\u00b0C. Un petit vent de sud-ouest soufflera. Demain apr\u00e8s-midi, le soleil sera cach\u00e9 derri\u00e8re des nuages. Il va pleuvoir. D&rsquo;un autre c\u00f4t\u00e9, les temp\u00e9ratures vont enregistrer une hausse de plusieurs degr\u00e9s. Il fera 23\u00b0C en moyenne. Un vent d&rsquo;ouest soufflera \u00e0 20 km\/h. Une brise de sud-ouest soufflera l\u00e9g\u00e8rement dans la soir\u00e9e.<\/p>\n<p>Une am\u00e9lioration est attendue les jours qui suivent. Le temps sera ensoleill\u00e9 avec des temp\u00e9ratures autour de 24\u00b0C.<\/p>\n<p><\/p>\n","protected":false},"excerpt":{"rendered":"\u00c0 Strasbourg, la journ\u00e9e va rester maussade \u00e0 cause de nuages qui perdurent dans le ciel. Les valeurs&hellip;\n","protected":false},"author":2,"featured_media":262131,"comment_status":"","ping_status":"","sticky":false,"template":"","format":"standard","meta":{"footnotes":""},"categories":[2820],"tags":[1111,11,2389,2649,1777,674,1011,27,775,12,2119,25,640],"class_list":{"0":"post-262130","1":"post","2":"type-post","3":"status-publish","4":"format-standard","5":"has-post-thumbnail","7":"category-strasbourg","8":"tag-actu","9":"tag-actualites","10":"tag-alsace","11":"tag-bas-rhin","12":"tag-eu","13":"tag-europe","14":"tag-fr","15":"tag-france","16":"tag-grand-est","17":"tag-news","18":"tag-previsions-meteo","19":"tag-republique-francaise","20":"tag-strasbourg"},"share_on_mastodon":{"url":"https:\/\/pubeurope.com\/@fr\/114888168298718212","error":""},"_links":{"self":[{"href":"https:\/\/www.europesays.com\/fr\/wp-json\/wp\/v2\/posts\/262130","targetHints":{"allow":["GET"]}}],"collection":[{"href":"https:\/\/www.europesays.com\/fr\/wp-json\/wp\/v2\/posts"}],"about":[{"href":"https:\/\/www.europesays.com\/fr\/wp-json\/wp\/v2\/types\/post"}],"author":[{"embeddable":true,"href":"https:\/\/www.europesays.com\/fr\/wp-json\/wp\/v2\/users\/2"}],"replies":[{"embeddable":true,"href":"https:\/\/www.europesays.com\/fr\/wp-json\/wp\/v2\/comments?post=262130"}],"version-history":[{"count":0,"href":"https:\/\/www.europesays.com\/fr\/wp-json\/wp\/v2\/posts\/262130\/revisions"}],"wp:featuredmedia":[{"embeddable":true,"href":"https:\/\/www.europesays.com\/fr\/wp-json\/wp\/v2\/media\/262131"}],"wp:attachment":[{"href":"https:\/\/www.europesays.com\/fr\/wp-json\/wp\/v2\/media?parent=262130"}],"wp:term":[{"taxonomy":"category","embeddable":true,"href":"https:\/\/www.europesays.com\/fr\/wp-json\/wp\/v2\/categories?post=262130"},{"taxonomy":"post_tag","embeddable":true,"href":"https:\/\/www.europesays.com\/fr\/wp-json\/wp\/v2\/tags?post=262130"}],"curies":[{"name":"wp","href":"https:\/\/api.w.org\/{rel}","templated":true}]}}