{"id":262138,"date":"2025-07-20T23:35:11","date_gmt":"2025-07-20T23:35:11","guid":{"rendered":"https:\/\/www.europesays.com\/fr\/262138\/"},"modified":"2025-07-20T23:35:11","modified_gmt":"2025-07-20T23:35:11","slug":"previsions-du-lundi-21-juillet-2025-5","status":"publish","type":"post","link":"https:\/\/www.europesays.com\/fr\/262138\/","title":{"rendered":"pr\u00e9visions du lundi 21 juillet 2025"},"content":{"rendered":"<p>La grisaille ne se disperse toujours pas, il y aura encore des nuages aujourd&rsquo;hui. Les temp\u00e9ratures tourneront autour des 21\u00b0C \u00e0 Bordeaux. Les nuages seront pr\u00e9sents le matin. Il se peut qu&rsquo;il y ait de petites averses. Il fera 20\u00b0C en moyenne. La ville sera touch\u00e9e par un vent de sud-ouest de 22 km\/h. Pour l&rsquo;apr\u00e8s-midi, des pluies \u00e9parses vont tomber sur la ville. D&rsquo;un autre c\u00f4t\u00e9, les temp\u00e9ratures vont enregistrer une augmentation de quelques degr\u00e9s. Les valeurs seront de 23\u00b0C au plus bas et de 25\u00b0C au maximum. Le soir, la m\u00e9t\u00e9o sera marqu\u00e9e par des pluies \u00e9parses. On anticipe des temp\u00e9ratures avoisinant 20\u00b0C. Le passage de lundi \u00e0 mardi s&rsquo;effectuera sous un ciel limpide.<\/p>\n<p>Demain, un important soleil brillera sur Bordeaux. Un temps plus chaud est \u00e0 pr\u00e9voir puisque le mercure va conna\u00eetre une hausse. Les valeurs seront comprises entre 15 et 29\u00b0C. Un vent de nord-ouest rafra\u00eechira sensiblement l&rsquo;atmosph\u00e8re. Il va faire en moyenne 22\u00b0C, le matin. Les temp\u00e9ratures vont enregistrer une augmentation de plusieurs degr\u00e9s durant l&rsquo;apr\u00e8s-midi. Les valeurs afficheront entre 26 et 29\u00b0C. Les valeurs tourneront autour des 22\u00b0C au cours de la soir\u00e9e.<\/p>\n<p>Des changements sont attendus pour les jours \u00e0 venir. Une am\u00e9lioration est annonc\u00e9e jeudi, tandis que la journ\u00e9e de mercredi aura \u00e9t\u00e9 pluvieuse.<\/p>\n<p><\/p>\n","protected":false},"excerpt":{"rendered":"La grisaille ne se disperse toujours pas, il y aura encore des nuages aujourd&rsquo;hui. Les temp\u00e9ratures tourneront autour&hellip;\n","protected":false},"author":2,"featured_media":262139,"comment_status":"","ping_status":"","sticky":false,"template":"","format":"standard","meta":{"footnotes":""},"categories":[2817],"tags":[1111,11,1997,1777,674,1011,27,12,2219,2119,25],"class_list":{"0":"post-262138","1":"post","2":"type-post","3":"status-publish","4":"format-standard","5":"has-post-thumbnail","7":"category-bordeaux","8":"tag-actu","9":"tag-actualites","10":"tag-bordeaux","11":"tag-eu","12":"tag-europe","13":"tag-fr","14":"tag-france","15":"tag-news","16":"tag-nouvelle-aquitaine","17":"tag-previsions-meteo","18":"tag-republique-francaise"},"share_on_mastodon":{"url":"https:\/\/pubeurope.com\/@fr\/114888187861960862","error":""},"_links":{"self":[{"href":"https:\/\/www.europesays.com\/fr\/wp-json\/wp\/v2\/posts\/262138","targetHints":{"allow":["GET"]}}],"collection":[{"href":"https:\/\/www.europesays.com\/fr\/wp-json\/wp\/v2\/posts"}],"about":[{"href":"https:\/\/www.europesays.com\/fr\/wp-json\/wp\/v2\/types\/post"}],"author":[{"embeddable":true,"href":"https:\/\/www.europesays.com\/fr\/wp-json\/wp\/v2\/users\/2"}],"replies":[{"embeddable":true,"href":"https:\/\/www.europesays.com\/fr\/wp-json\/wp\/v2\/comments?post=262138"}],"version-history":[{"count":0,"href":"https:\/\/www.europesays.com\/fr\/wp-json\/wp\/v2\/posts\/262138\/revisions"}],"wp:featuredmedia":[{"embeddable":true,"href":"https:\/\/www.europesays.com\/fr\/wp-json\/wp\/v2\/media\/262139"}],"wp:attachment":[{"href":"https:\/\/www.europesays.com\/fr\/wp-json\/wp\/v2\/media?parent=262138"}],"wp:term":[{"taxonomy":"category","embeddable":true,"href":"https:\/\/www.europesays.com\/fr\/wp-json\/wp\/v2\/categories?post=262138"},{"taxonomy":"post_tag","embeddable":true,"href":"https:\/\/www.europesays.com\/fr\/wp-json\/wp\/v2\/tags?post=262138"}],"curies":[{"name":"wp","href":"https:\/\/api.w.org\/{rel}","templated":true}]}}