{"id":262140,"date":"2025-07-20T23:36:20","date_gmt":"2025-07-20T23:36:20","guid":{"rendered":"https:\/\/www.europesays.com\/fr\/262140\/"},"modified":"2025-07-20T23:36:20","modified_gmt":"2025-07-20T23:36:20","slug":"bordeaux-cannes-le-groupe-des-girondins-avec-19-joueurs","status":"publish","type":"post","link":"https:\/\/www.europesays.com\/fr\/262140\/","title":{"rendered":"Bordeaux-Cannes : le groupe des Girondins avec 19 joueurs"},"content":{"rendered":"<p><img decoding=\"async\" src=\"https:\/\/www.europesays.com\/fr\/wp-content\/uploads\/2025\/04\/671_efdf5a802cbeb6e8c702b7172d8b8b95.jpg\" alt=\"Bordeaux-Cannes : le groupe des Girondins avec 19 joueurs\" class=\"img-responsive mt-3\"\/><\/p>\n<p class=\"text-center mb-3\" style=\"font-size: 14px\">\u00a9 Iconsport<\/p>\n<p style=\"text-align: justify;\">Lex 19 joueurs retenus par Bruno irl\u00e8s qui doit faire face \u00e0 de nombreuses absences pour causes de blessures, et d&rsquo;un effectif restraint car les derni\u00e8res recrues arriv\u00e9es trop tard cette semaine (Diop, Agossa et Ciss\u00e9).<\/p>\n<p style=\"text-align: justify;\"><strong>Gardiens<\/strong> : Lecroart, Baup<\/p>\n<p><strong>D\u00e9fenseurs<\/strong> : Droehnl\u00e9, Feuillet, Grillot, Jousselin, Trichard<\/p>\n<p style=\"text-align: justify;\"><strong>Milieux<\/strong> : Godspower, Odru, Ndione, Ramon, Sahibeddine<\/p>\n<p style=\"text-align: justify;\"><strong>Attaquants<\/strong> : Muteba, Openda, Pourtuguez, Rizaldos, Shamal, Villette, Etonde<\/p>\n<p style=\"text-align: justify;\"><strong>Absents<\/strong> : Bahassa, Ba, Manna\u00ef, Vendenabelle, Diabat\u00e9, Agossa, Diop, <a href=\"https:\/\/www.webgirondins.com\/actualite-mercato-girondins-nadjib-cisse-officiellement-bordelais-129770\" target=\"_blank\" rel=\"noopener\">Ciss\u00e9<\/a><\/p>\n<p style=\"text-align: justify;\">Le coup d&rsquo;envoi de la rencontre est \u00e0 18h. Le match n&rsquo;est pas diffus\u00e9 sur les \u00e9crans. Nous vous proposons un <strong>live texte d\u00e8s 17h45 sur WebGirondins<\/strong>.<\/p>\n<p>\u00c0 lire aussi &gt;&gt; <strong><a href=\"https:\/\/www.webgirondins.com\/actualite-girondins-n2-bayonne-chauray-montlouis-que-valent-les-futurs-adversaires-des-girondins-129781\" target=\"_blank\" rel=\"noopener\">N2. Bayonne, Chauray, Montlouis : que valent les futurs adversaires des Girondins ?<\/a><\/strong><\/p>\n<p>\u00a0<\/p>\n<p>Notre podcast court mercato :<\/p>\n<p>\u00a0<\/p>\n","protected":false},"excerpt":{"rendered":"\u00a9 Iconsport Lex 19 joueurs retenus par Bruno irl\u00e8s qui doit faire face \u00e0 de nombreuses absences pour&hellip;\n","protected":false},"author":2,"featured_media":36834,"comment_status":"","ping_status":"","sticky":false,"template":"","format":"standard","meta":{"footnotes":""},"categories":[2817],"tags":[1111,11,3396,37552,1997,3211,7306,40199,1777,674,2823,1011,27,1987,2705,3212,4059,955,12,2219,471,29390,4919,25,3982,2858,17813],"class_list":{"0":"post-262140","1":"post","2":"type-post","3":"status-publish","4":"format-standard","5":"has-post-thumbnail","7":"category-bordeaux","8":"tag-actu","9":"tag-actualites","10":"tag-avec","11":"tag-beziers","12":"tag-bordeaux","13":"tag-bruno","14":"tag-cannes","15":"tag-convoque","16":"tag-eu","17":"tag-europe","18":"tag-face","19":"tag-fr","20":"tag-france","21":"tag-girondins","22":"tag-groupe","23":"tag-irles","24":"tag-joueurs","25":"tag-match","26":"tag-news","27":"tag-nouvelle-aquitaine","28":"tag-pour","29":"tag-preparation","30":"tag-president","31":"tag-republique-francaise","32":"tag-samedi","33":"tag-stade","34":"tag-staff"},"share_on_mastodon":{"url":"https:\/\/pubeurope.com\/@fr\/114888191819246060","error":""},"_links":{"self":[{"href":"https:\/\/www.europesays.com\/fr\/wp-json\/wp\/v2\/posts\/262140","targetHints":{"allow":["GET"]}}],"collection":[{"href":"https:\/\/www.europesays.com\/fr\/wp-json\/wp\/v2\/posts"}],"about":[{"href":"https:\/\/www.europesays.com\/fr\/wp-json\/wp\/v2\/types\/post"}],"author":[{"embeddable":true,"href":"https:\/\/www.europesays.com\/fr\/wp-json\/wp\/v2\/users\/2"}],"replies":[{"embeddable":true,"href":"https:\/\/www.europesays.com\/fr\/wp-json\/wp\/v2\/comments?post=262140"}],"version-history":[{"count":0,"href":"https:\/\/www.europesays.com\/fr\/wp-json\/wp\/v2\/posts\/262140\/revisions"}],"wp:featuredmedia":[{"embeddable":true,"href":"https:\/\/www.europesays.com\/fr\/wp-json\/wp\/v2\/media\/36834"}],"wp:attachment":[{"href":"https:\/\/www.europesays.com\/fr\/wp-json\/wp\/v2\/media?parent=262140"}],"wp:term":[{"taxonomy":"category","embeddable":true,"href":"https:\/\/www.europesays.com\/fr\/wp-json\/wp\/v2\/categories?post=262140"},{"taxonomy":"post_tag","embeddable":true,"href":"https:\/\/www.europesays.com\/fr\/wp-json\/wp\/v2\/tags?post=262140"}],"curies":[{"name":"wp","href":"https:\/\/api.w.org\/{rel}","templated":true}]}}