{"id":262157,"date":"2025-07-20T23:49:22","date_gmt":"2025-07-20T23:49:22","guid":{"rendered":"https:\/\/www.europesays.com\/fr\/262157\/"},"modified":"2025-07-20T23:49:22","modified_gmt":"2025-07-20T23:49:22","slug":"iron-maiden-a-paris-la-defense-arena-un-repertoire-de-reve-et-deux-heures-folles-de-concert","status":"publish","type":"post","link":"https:\/\/www.europesays.com\/fr\/262157\/","title":{"rendered":"Iron Maiden \u00e0 Paris La D\u00e9fense Arena : un r\u00e9pertoire de r\u00eave et deux heures folles de concert"},"content":{"rendered":"<p class=\"paragraph text_align_left lp-f-body-02\">Un demi-si\u00e8cle plus tard, Iron Maiden, devenu l\u2019un des titans du metal, c\u00e9l\u00e8bre ses cinq d\u00e9cennies d\u2019existence avec une tourn\u00e9e baptis\u00e9e \u00ab Run For Your Lives World Tour 2025-26 \u00bb. Et suite \u00e0 un passage par le festival les Eurock\u00e9ennes, le 3 juillet \u00e0 Belfort, ce n\u2019est pas une \u00e9tape parisienne mais bien deux qui sont propos\u00e9es en France, et de plus dans la plus grande salle couverte d\u2019Europe, <a href=\"https:\/\/www.leparisien.fr\/culture-loisirs\/musique\/mary-j-blige-et-50-cent-a-la-defense-arena-deux-legendes-deux-ambiances-14-07-2025-TR3GZCBWSRH3NDPAA44K7RSLOE.php\" target=\"_blank\" rel=\"noreferrer nofollow noopener\">Paris La D\u00e9fense Arena, 45 000 places<\/a> ! <\/p>\n","protected":false},"excerpt":{"rendered":"Un demi-si\u00e8cle plus tard, Iron Maiden, devenu l\u2019un des titans du metal, c\u00e9l\u00e8bre ses cinq d\u00e9cennies d\u2019existence avec&hellip;\n","protected":false},"author":2,"featured_media":262158,"comment_status":"","ping_status":"","sticky":false,"template":"","format":"standard","meta":{"footnotes":""},"categories":[1888],"tags":[11,872,1777,674,1011,27,873,12,626,25],"class_list":{"0":"post-262157","1":"post","2":"type-post","3":"status-publish","4":"format-standard","5":"has-post-thumbnail","7":"category-paris","8":"tag-actualites","9":"tag-culture-et-loisirs","10":"tag-eu","11":"tag-europe","12":"tag-fr","13":"tag-france","14":"tag-musique","15":"tag-news","16":"tag-paris","17":"tag-republique-francaise"},"share_on_mastodon":{"url":"https:\/\/pubeurope.com\/@fr\/114888242877195368","error":""},"_links":{"self":[{"href":"https:\/\/www.europesays.com\/fr\/wp-json\/wp\/v2\/posts\/262157","targetHints":{"allow":["GET"]}}],"collection":[{"href":"https:\/\/www.europesays.com\/fr\/wp-json\/wp\/v2\/posts"}],"about":[{"href":"https:\/\/www.europesays.com\/fr\/wp-json\/wp\/v2\/types\/post"}],"author":[{"embeddable":true,"href":"https:\/\/www.europesays.com\/fr\/wp-json\/wp\/v2\/users\/2"}],"replies":[{"embeddable":true,"href":"https:\/\/www.europesays.com\/fr\/wp-json\/wp\/v2\/comments?post=262157"}],"version-history":[{"count":0,"href":"https:\/\/www.europesays.com\/fr\/wp-json\/wp\/v2\/posts\/262157\/revisions"}],"wp:featuredmedia":[{"embeddable":true,"href":"https:\/\/www.europesays.com\/fr\/wp-json\/wp\/v2\/media\/262158"}],"wp:attachment":[{"href":"https:\/\/www.europesays.com\/fr\/wp-json\/wp\/v2\/media?parent=262157"}],"wp:term":[{"taxonomy":"category","embeddable":true,"href":"https:\/\/www.europesays.com\/fr\/wp-json\/wp\/v2\/categories?post=262157"},{"taxonomy":"post_tag","embeddable":true,"href":"https:\/\/www.europesays.com\/fr\/wp-json\/wp\/v2\/tags?post=262157"}],"curies":[{"name":"wp","href":"https:\/\/api.w.org\/{rel}","templated":true}]}}