{"id":262167,"date":"2025-07-20T23:54:12","date_gmt":"2025-07-20T23:54:12","guid":{"rendered":"https:\/\/www.europesays.com\/fr\/262167\/"},"modified":"2025-07-20T23:54:12","modified_gmt":"2025-07-20T23:54:12","slug":"en-angleterre-nouvelles-tensions-devant-un-hotel-hebergeant-des-demandeurs-dasile-lexpress","status":"publish","type":"post","link":"https:\/\/www.europesays.com\/fr\/262167\/","title":{"rendered":"En Angleterre, nouvelles tensions devant un h\u00f4tel h\u00e9bergeant des demandeurs d&rsquo;asile \u2013 L&rsquo;Express"},"content":{"rendered":"<p class=\"paragraph article-body-paragraph article__item   article-body-paragraph--first \">Renvoyez-les chez eux, Sauvons nos enfants, ont scand\u00e9 des manifestants devant l&rsquo;h\u00f4tel. Expulsons les criminels \u00e9trangers, D\u00e9fendons nos filles, pouvait-on lire sur des pancartes brandies par des manifestants. <\/p>\n<p class=\"paragraph article-body-paragraph article__item   \">Malheureusement, une nouvelle manifestation, qui avait d\u00e9but\u00e9 de mani\u00e8re pacifique, a d\u00e9g\u00e9n\u00e9r\u00e9 en actes de d\u00e9linquance, des individus ayant \u00e0 nouveau bless\u00e9 l&rsquo;un de nos agents et endommag\u00e9 un v\u00e9hicule de police, a d\u00e9clar\u00e9 Simon Anslow, un responsable de la police locale, cit\u00e9 dans un communiqu\u00e9.<\/p>\n<p class=\"paragraph article-body-paragraph article__item   \">Cinq personnes ont \u00e9t\u00e9 interpell\u00e9es, a indiqu\u00e9 la police. <\/p>\n<p class=\"paragraph article-body-paragraph article__item   \">Quatre d&rsquo;entre elles ont \u00e9t\u00e9 arr\u00eat\u00e9es \u00e0 leur arriv\u00e9e au rassemblement, pour suspicion de troubles violents lors d&rsquo;une pr\u00e9c\u00e9dente manifestation, jeudi soir, lors de laquelle huit policiers ont \u00e9t\u00e9 bless\u00e9s. <\/p>\n<p class=\"paragraph article-body-paragraph article__item   \">La cinqui\u00e8me personne a \u00e9t\u00e9 arr\u00eat\u00e9e apr\u00e8s qu&rsquo;un de nos v\u00e9hicules banalis\u00e9s a \u00e9t\u00e9 endommag\u00e9 ce soir, a indiqu\u00e9 la police de l&rsquo;Essex dans un communiqu\u00e9.<\/p>\n<p><img decoding=\"async\" src=\"https:\/\/www.europesays.com\/fr\/wp-content\/uploads\/2025\/07\/HFRHX7GNYRE6JNGPIZSYPVN724.jpg\" class=\"image-with-legend__cover-img\" alt=\"Un homme est arr\u00eat\u00e9 par la police lors d'une manifestation \u00e0 Epping, au nord-est de Londres, le 20 juillet 2025\" width=\"883\" height=\"0\" loading=\"lazy\"\/><\/p>\n<p class=\"image-with-legend__legend\">Un homme est arr\u00eat\u00e9 par la police lors d&rsquo;une manifestation \u00e0 Epping, au nord-est de Londres, le 20 juillet 2025<\/p>\n<p class=\"image-with-legend__credits\"> \u00a9  \/ afp.com\/JUSTIN TALLIS<\/p>\n<p class=\"paragraph article-body-paragraph article__item   \">Des bouteilles et des fumig\u00e8nes ont \u00e9t\u00e9 lanc\u00e9s en direction des fourgons de police bloquant l&rsquo;entr\u00e9e de l&rsquo;h\u00f4tel, selon l&rsquo;agence britannique PA. <\/p>\n<p class=\"paragraph article-body-paragraph article__item   \">Les tensions ont d\u00e9marr\u00e9 il y a plusieurs jours apr\u00e8s l&rsquo;inculpation d&rsquo;un demandeur d&rsquo;asile de 38 ans accus\u00e9 d&rsquo;agressions sexuelles. Il aurait tent\u00e9 d&#8217;embrasser une adolescente de 14 ans, ce qu&rsquo;il a ni\u00e9 quand il a \u00e9t\u00e9 pr\u00e9sent\u00e9 \u00e0 la justice jeudi.<\/p>\n<p class=\"paragraph article-body-paragraph article__item   \">Dimanche apr\u00e8s-midi, un homme de 33 ans a \u00e9t\u00e9 inculp\u00e9 pour troubles violents apr\u00e8s avoir particip\u00e9 \u00e0 un rassemblement.<\/p>\n<p class=\"paragraph article-body-paragraph article__item   \">Ces tensions rappellent les \u00e9meutes anti-immigration qui avaient secou\u00e9 le Royaume-Uni l&rsquo;\u00e9t\u00e9 dernier apr\u00e8s le meurtre de trois fillettes dans la ville de Southport (nord-ouest de l&rsquo;Angleterre), poignard\u00e9es par un adolescent.<\/p>\n<p class=\"paragraph article-body-paragraph article__item    article__text__endpicto\">Des \u00e9meutiers s&rsquo;en \u00e9taient pris \u00e0 des h\u00f4tels h\u00e9bergeant des demandeurs d&rsquo;asile dans plusieurs villes, tentant notamment d&rsquo;incendier un de ces \u00e9tablissements \u00e0 Rotherham, dans le nord-est de l&rsquo;Angleterre.<\/p>\n","protected":false},"excerpt":{"rendered":"Renvoyez-les chez eux, Sauvons nos enfants, ont scand\u00e9 des manifestants devant l&rsquo;h\u00f4tel. Expulsons les criminels \u00e9trangers, D\u00e9fendons nos&hellip;\n","protected":false},"author":2,"featured_media":262168,"comment_status":"","ping_status":"","sticky":false,"template":"","format":"standard","meta":{"footnotes":""},"categories":[1588],"tags":[11,10944,1777,674,12,473,1853,1851,1850,1852],"class_list":{"0":"post-262167","1":"post","2":"type-post","3":"status-publish","4":"format-standard","5":"has-post-thumbnail","7":"category-royaume-uni","8":"tag-actualites","9":"tag-archives","10":"tag-eu","11":"tag-europe","12":"tag-news","13":"tag-royaume-uni","14":"tag-royaume-uni-de-grande-bretagne-et-dirlande-du-nord","15":"tag-uk","16":"tag-united-kingdom","17":"tag-united-kingdom-of-great-britain-and-northern-ireland"},"share_on_mastodon":{"url":"https:\/\/pubeurope.com\/@fr\/114888263079114353","error":""},"_links":{"self":[{"href":"https:\/\/www.europesays.com\/fr\/wp-json\/wp\/v2\/posts\/262167","targetHints":{"allow":["GET"]}}],"collection":[{"href":"https:\/\/www.europesays.com\/fr\/wp-json\/wp\/v2\/posts"}],"about":[{"href":"https:\/\/www.europesays.com\/fr\/wp-json\/wp\/v2\/types\/post"}],"author":[{"embeddable":true,"href":"https:\/\/www.europesays.com\/fr\/wp-json\/wp\/v2\/users\/2"}],"replies":[{"embeddable":true,"href":"https:\/\/www.europesays.com\/fr\/wp-json\/wp\/v2\/comments?post=262167"}],"version-history":[{"count":0,"href":"https:\/\/www.europesays.com\/fr\/wp-json\/wp\/v2\/posts\/262167\/revisions"}],"wp:featuredmedia":[{"embeddable":true,"href":"https:\/\/www.europesays.com\/fr\/wp-json\/wp\/v2\/media\/262168"}],"wp:attachment":[{"href":"https:\/\/www.europesays.com\/fr\/wp-json\/wp\/v2\/media?parent=262167"}],"wp:term":[{"taxonomy":"category","embeddable":true,"href":"https:\/\/www.europesays.com\/fr\/wp-json\/wp\/v2\/categories?post=262167"},{"taxonomy":"post_tag","embeddable":true,"href":"https:\/\/www.europesays.com\/fr\/wp-json\/wp\/v2\/tags?post=262167"}],"curies":[{"name":"wp","href":"https:\/\/api.w.org\/{rel}","templated":true}]}}